{"id":6312,"date":"2026-09-03T10:52:14","date_gmt":"2026-09-03T08:52:14","guid":{"rendered":"https:\/\/umg.ch\/?p=6312"},"modified":"2026-09-03T10:52:15","modified_gmt":"2026-09-03T08:52:15","slug":"un-sponsoring-gourmand-avec-le-servette-fc","status":"publish","type":"post","link":"https:\/\/umg.ch\/de\/un-sponsoring-gourmand-avec-le-servette-fc\/","title":{"rendered":"Un sponsoring gourmand avec le Servette FC"},"content":{"rendered":"\n<p class=\"wp-block-paragraph\">L&#8217;Union Mara\u00eech\u00e8re de Gen\u00e8ve a aussi nou\u00e9 un partenariat avec le <strong>Servette FC<\/strong>. Notre objectif : mettre en avant notre <strong>gamme de tomates<\/strong>.<\/p>\n\n\n\n<p class=\"wp-block-paragraph\">Pour l&#8217;occasion, nous avons propos\u00e9 une d\u00e9gustation autour de toutes sortes de tomates. Les visiteurs ont d\u00e9couvert des vari\u00e9t\u00e9s de <strong>toutes les couleurs<\/strong>. Nous les avons servies en <strong>tartinades <\/strong>sur une tranche de pain, ou encore en <strong>gaspacho<\/strong>.<\/p>\n\n\n\n<p class=\"wp-block-paragraph\">Notre petit atelier de <strong>sauces piquantes <\/strong>a lui aussi \u00e9veill\u00e9 beaucoup de <strong>curiosit\u00e9<\/strong>. Les gourmands \u00e9taient nombreux \u00e0 vouloir go\u00fbter !<\/p>\n\n\n\n<p class=\"wp-block-paragraph\">Un grand merci au <strong>Servette FC <\/strong>et \u00e0 tous les visiteurs. Ce moment de partage autour du go\u00fbt nous a beaucoup plu.<\/p>\n\n\n\n<figure class=\"wp-block-gallery has-nested-images columns-default is-cropped wp-block-gallery-1 is-layout-flex wp-block-gallery-is-layout-flex\">\n<figure class=\"wp-block-image size-large\"><img loading=\"lazy\" decoding=\"async\" width=\"1170\" height=\"658\" data-id=\"6313\" src=\"https:\/\/umg.ch\/wp-content\/uploads\/2026\/09\/WhatsApp-Image-2026-08-31-at-7.37.19-AM-1-1170x658.jpeg\" alt=\"\" class=\"wp-image-6313\" srcset=\"https:\/\/umg.ch\/wp-content\/uploads\/2026\/09\/WhatsApp-Image-2026-08-31-at-7.37.19-AM-1-1170x658.jpeg 1170w, https:\/\/umg.ch\/wp-content\/uploads\/2026\/09\/WhatsApp-Image-2026-08-31-at-7.37.19-AM-1-600x338.jpeg 600w, https:\/\/umg.ch\/wp-content\/uploads\/2026\/09\/WhatsApp-Image-2026-08-31-at-7.37.19-AM-1-768x432.jpeg 768w, https:\/\/umg.ch\/wp-content\/uploads\/2026\/09\/WhatsApp-Image-2026-08-31-at-7.37.19-AM-1-1536x864.jpeg 1536w, https:\/\/umg.ch\/wp-content\/uploads\/2026\/09\/WhatsApp-Image-2026-08-31-at-7.37.19-AM-1.jpeg 2048w\" sizes=\"auto, (max-width: 1170px) 100vw, 1170px\" \/><\/figure>\n<\/figure>\n\n\n\n<figure class=\"wp-block-gallery has-nested-images columns-default is-cropped wp-block-gallery-2 is-layout-flex wp-block-gallery-is-layout-flex\">\n<figure class=\"wp-block-image size-large\"><img loading=\"lazy\" decoding=\"async\" width=\"1170\" height=\"658\" data-id=\"6319\" src=\"https:\/\/umg.ch\/wp-content\/uploads\/2026\/09\/WhatsApp-Image-2026-08-31-at-7.37.19-AM-1170x658.jpeg\" alt=\"\" class=\"wp-image-6319\" srcset=\"https:\/\/umg.ch\/wp-content\/uploads\/2026\/09\/WhatsApp-Image-2026-08-31-at-7.37.19-AM-1170x658.jpeg 1170w, https:\/\/umg.ch\/wp-content\/uploads\/2026\/09\/WhatsApp-Image-2026-08-31-at-7.37.19-AM-600x338.jpeg 600w, https:\/\/umg.ch\/wp-content\/uploads\/2026\/09\/WhatsApp-Image-2026-08-31-at-7.37.19-AM-768x432.jpeg 768w, https:\/\/umg.ch\/wp-content\/uploads\/2026\/09\/WhatsApp-Image-2026-08-31-at-7.37.19-AM-1536x864.jpeg 1536w, https:\/\/umg.ch\/wp-content\/uploads\/2026\/09\/WhatsApp-Image-2026-08-31-at-7.37.19-AM.jpeg 2048w\" sizes=\"auto, (max-width: 1170px) 100vw, 1170px\" \/><\/figure>\n<\/figure>\n","protected":false},"excerpt":{"rendered":"<p>L&#8217;Union Mara\u00eech\u00e8re de Gen\u00e8ve a aussi nou\u00e9 un partenariat avec le Servette FC. Notre objectif : mettre en avant notre gamme de tomates. Pour l&#8217;occasion, nous avons propos\u00e9 une d\u00e9gustation [&hellip;]<\/p>\n","protected":false},"author":3,"featured_media":6313,"comment_status":"closed","ping_status":"closed","sticky":false,"template":"","format":"standard","meta":{"_acf_changed":false,"inline_featured_image":false,"footnotes":""},"categories":[3,25],"tags":[107,106,96],"class_list":["post-6312","post","type-post","status-publish","format-standard","has-post-thumbnail","hentry","category-actualites","category-evenements","tag-degustations","tag-servette-fc","tag-union-maraichere-de-geneve"],"acf":[],"yoast_head":"<!-- This site is optimized with the Yoast SEO plugin v28.4 - https:\/\/yoast.com\/product\/yoast-seo-wordpress\/ -->\n<title>Un sponsoring gourmand avec le Servette FC - Union Mara\u00eech\u00e8re de Gen\u00e8ve<\/title>\n<meta name=\"robots\" content=\"index, follow, max-snippet:-1, max-image-preview:large, max-video-preview:-1\" \/>\n<link rel=\"canonical\" href=\"https:\/\/umg.ch\/de\/un-sponsoring-gourmand-avec-le-servette-fc\/\" \/>\n<meta property=\"og:locale\" content=\"de_DE\" \/>\n<meta property=\"og:type\" content=\"article\" \/>\n<meta property=\"og:title\" content=\"Un sponsoring gourmand avec le Servette FC - Union Mara\u00eech\u00e8re de Gen\u00e8ve\" \/>\n<meta property=\"og:description\" content=\"L&#8217;Union Mara\u00eech\u00e8re de Gen\u00e8ve a aussi nou\u00e9 un partenariat avec le Servette FC. Notre objectif : mettre en avant notre gamme de tomates. Pour l&#8217;occasion, nous avons propos\u00e9 une d\u00e9gustation [&hellip;]\" \/>\n<meta property=\"og:url\" content=\"https:\/\/umg.ch\/de\/un-sponsoring-gourmand-avec-le-servette-fc\/\" \/>\n<meta property=\"og:site_name\" content=\"Union Mara\u00eech\u00e8re de Gen\u00e8ve\" \/>\n<meta property=\"article:published_time\" content=\"2026-09-03T08:52:14+00:00\" \/>\n<meta property=\"article:modified_time\" content=\"2026-09-03T08:52:15+00:00\" \/>\n<meta property=\"og:image\" content=\"https:\/\/umg.ch\/wp-content\/uploads\/2026\/09\/WhatsApp-Image-2026-08-31-at-7.37.19-AM-1.jpeg\" \/>\n\t<meta property=\"og:image:width\" content=\"2048\" \/>\n\t<meta property=\"og:image:height\" content=\"1152\" \/>\n\t<meta property=\"og:image:type\" content=\"image\/jpeg\" \/>\n<meta name=\"author\" content=\"Aur\u00e9lien Picaud\" \/>\n<meta name=\"twitter:card\" content=\"summary_large_image\" \/>\n<meta name=\"twitter:label1\" content=\"Verfasst von\" \/>\n\t<meta name=\"twitter:data1\" content=\"Aur\u00e9lien Picaud\" \/>\n\t<meta name=\"twitter:label2\" content=\"Gesch\u00e4tzte Lesezeit\" \/>\n\t<meta name=\"twitter:data2\" content=\"2\u00a0Minuten\" \/>\n<script type=\"application\/ld+json\" class=\"yoast-schema-graph\">{\"@context\":\"https:\\\/\\\/schema.org\",\"@graph\":[{\"@type\":\"Article\",\"@id\":\"https:\\\/\\\/umg.ch\\\/de\\\/un-sponsoring-gourmand-avec-le-servette-fc\\\/#article\",\"isPartOf\":{\"@id\":\"https:\\\/\\\/umg.ch\\\/de\\\/un-sponsoring-gourmand-avec-le-servette-fc\\\/\"},\"author\":{\"name\":\"Aur\u00e9lien Picaud\",\"@id\":\"https:\\\/\\\/umg.ch\\\/de\\\/#\\\/schema\\\/person\\\/cada3fd4465ba52936f2ff0c14314ad6\"},\"headline\":\"Un sponsoring gourmand avec le Servette FC\",\"datePublished\":\"2026-09-03T08:52:14+00:00\",\"dateModified\":\"2026-09-03T08:52:15+00:00\",\"mainEntityOfPage\":{\"@id\":\"https:\\\/\\\/umg.ch\\\/de\\\/un-sponsoring-gourmand-avec-le-servette-fc\\\/\"},\"wordCount\":118,\"image\":{\"@id\":\"https:\\\/\\\/umg.ch\\\/de\\\/un-sponsoring-gourmand-avec-le-servette-fc\\\/#primaryimage\"},\"thumbnailUrl\":\"https:\\\/\\\/umg.ch\\\/wp-content\\\/uploads\\\/2026\\\/09\\\/WhatsApp-Image-2026-08-31-at-7.37.19-AM-1.jpeg\",\"keywords\":[\"D\u00e9gustations\",\"Servette FC\",\"Union Maraich\u00e8re de Gen\u00e8ve\"],\"articleSection\":[\"Actualit\u00e9s\",\"Ev\u00e9nements\"],\"inLanguage\":\"de\"},{\"@type\":\"WebPage\",\"@id\":\"https:\\\/\\\/umg.ch\\\/de\\\/un-sponsoring-gourmand-avec-le-servette-fc\\\/\",\"url\":\"https:\\\/\\\/umg.ch\\\/de\\\/un-sponsoring-gourmand-avec-le-servette-fc\\\/\",\"name\":\"Un sponsoring gourmand avec le Servette FC - Union Mara\u00eech\u00e8re de Gen\u00e8ve\",\"isPartOf\":{\"@id\":\"https:\\\/\\\/umg.ch\\\/de\\\/#website\"},\"primaryImageOfPage\":{\"@id\":\"https:\\\/\\\/umg.ch\\\/de\\\/un-sponsoring-gourmand-avec-le-servette-fc\\\/#primaryimage\"},\"image\":{\"@id\":\"https:\\\/\\\/umg.ch\\\/de\\\/un-sponsoring-gourmand-avec-le-servette-fc\\\/#primaryimage\"},\"thumbnailUrl\":\"https:\\\/\\\/umg.ch\\\/wp-content\\\/uploads\\\/2026\\\/09\\\/WhatsApp-Image-2026-08-31-at-7.37.19-AM-1.jpeg\",\"datePublished\":\"2026-09-03T08:52:14+00:00\",\"dateModified\":\"2026-09-03T08:52:15+00:00\",\"author\":{\"@id\":\"https:\\\/\\\/umg.ch\\\/de\\\/#\\\/schema\\\/person\\\/cada3fd4465ba52936f2ff0c14314ad6\"},\"breadcrumb\":{\"@id\":\"https:\\\/\\\/umg.ch\\\/de\\\/un-sponsoring-gourmand-avec-le-servette-fc\\\/#breadcrumb\"},\"inLanguage\":\"de\",\"potentialAction\":[{\"@type\":\"ReadAction\",\"target\":[\"https:\\\/\\\/umg.ch\\\/de\\\/un-sponsoring-gourmand-avec-le-servette-fc\\\/\"]}]},{\"@type\":\"ImageObject\",\"inLanguage\":\"de\",\"@id\":\"https:\\\/\\\/umg.ch\\\/de\\\/un-sponsoring-gourmand-avec-le-servette-fc\\\/#primaryimage\",\"url\":\"https:\\\/\\\/umg.ch\\\/wp-content\\\/uploads\\\/2026\\\/09\\\/WhatsApp-Image-2026-08-31-at-7.37.19-AM-1.jpeg\",\"contentUrl\":\"https:\\\/\\\/umg.ch\\\/wp-content\\\/uploads\\\/2026\\\/09\\\/WhatsApp-Image-2026-08-31-at-7.37.19-AM-1.jpeg\",\"width\":2048,\"height\":1152},{\"@type\":\"BreadcrumbList\",\"@id\":\"https:\\\/\\\/umg.ch\\\/de\\\/un-sponsoring-gourmand-avec-le-servette-fc\\\/#breadcrumb\",\"itemListElement\":[{\"@type\":\"ListItem\",\"position\":1,\"name\":\"Startseite\",\"item\":\"https:\\\/\\\/umg.ch\\\/de\\\/\"},{\"@type\":\"ListItem\",\"position\":2,\"name\":\"Un sponsoring gourmand avec le Servette FC\"}]},{\"@type\":\"WebSite\",\"@id\":\"https:\\\/\\\/umg.ch\\\/de\\\/#website\",\"url\":\"https:\\\/\\\/umg.ch\\\/de\\\/\",\"name\":\"Union Mara\u00eech\u00e8re de Gen\u00e8ve\",\"description\":\"Un terroir et des hommes\",\"potentialAction\":[{\"@type\":\"SearchAction\",\"target\":{\"@type\":\"EntryPoint\",\"urlTemplate\":\"https:\\\/\\\/umg.ch\\\/de\\\/?s={search_term_string}\"},\"query-input\":{\"@type\":\"PropertyValueSpecification\",\"valueRequired\":true,\"valueName\":\"search_term_string\"}}],\"inLanguage\":\"de\"},{\"@type\":\"Person\",\"@id\":\"https:\\\/\\\/umg.ch\\\/de\\\/#\\\/schema\\\/person\\\/cada3fd4465ba52936f2ff0c14314ad6\",\"name\":\"Aur\u00e9lien Picaud\",\"image\":{\"@type\":\"ImageObject\",\"inLanguage\":\"de\",\"@id\":\"https:\\\/\\\/secure.gravatar.com\\\/avatar\\\/404f0c8c1b5a5e3d478363d3264c05c4e8927c278998cb16f8049d97c627cdf1?s=96&d=mm&r=g\",\"url\":\"https:\\\/\\\/secure.gravatar.com\\\/avatar\\\/404f0c8c1b5a5e3d478363d3264c05c4e8927c278998cb16f8049d97c627cdf1?s=96&d=mm&r=g\",\"contentUrl\":\"https:\\\/\\\/secure.gravatar.com\\\/avatar\\\/404f0c8c1b5a5e3d478363d3264c05c4e8927c278998cb16f8049d97c627cdf1?s=96&d=mm&r=g\",\"caption\":\"Aur\u00e9lien Picaud\"},\"url\":\"https:\\\/\\\/umg.ch\\\/de\\\/author\\\/apicaud\\\/\"}]}<\/script>\n<!-- \/ Yoast SEO plugin. -->","yoast_head_json":{"title":"Un sponsoring gourmand avec le Servette FC - Union Mara\u00eech\u00e8re de Gen\u00e8ve","robots":{"index":"index","follow":"follow","max-snippet":"max-snippet:-1","max-image-preview":"max-image-preview:large","max-video-preview":"max-video-preview:-1"},"canonical":"https:\/\/umg.ch\/de\/un-sponsoring-gourmand-avec-le-servette-fc\/","og_locale":"de_DE","og_type":"article","og_title":"Un sponsoring gourmand avec le Servette FC - Union Mara\u00eech\u00e8re de Gen\u00e8ve","og_description":"L&#8217;Union Mara\u00eech\u00e8re de Gen\u00e8ve a aussi nou\u00e9 un partenariat avec le Servette FC. Notre objectif : mettre en avant notre gamme de tomates. Pour l&#8217;occasion, nous avons propos\u00e9 une d\u00e9gustation [&hellip;]","og_url":"https:\/\/umg.ch\/de\/un-sponsoring-gourmand-avec-le-servette-fc\/","og_site_name":"Union Mara\u00eech\u00e8re de Gen\u00e8ve","article_published_time":"2026-09-03T08:52:14+00:00","article_modified_time":"2026-09-03T08:52:15+00:00","og_image":[{"width":2048,"height":1152,"url":"https:\/\/umg.ch\/wp-content\/uploads\/2026\/09\/WhatsApp-Image-2026-08-31-at-7.37.19-AM-1.jpeg","type":"image\/jpeg"}],"author":"Aur\u00e9lien Picaud","twitter_card":"summary_large_image","twitter_misc":{"Verfasst von":"Aur\u00e9lien Picaud","Gesch\u00e4tzte Lesezeit":"2\u00a0Minuten"},"schema":{"@context":"https:\/\/schema.org","@graph":[{"@type":"Article","@id":"https:\/\/umg.ch\/de\/un-sponsoring-gourmand-avec-le-servette-fc\/#article","isPartOf":{"@id":"https:\/\/umg.ch\/de\/un-sponsoring-gourmand-avec-le-servette-fc\/"},"author":{"name":"Aur\u00e9lien Picaud","@id":"https:\/\/umg.ch\/de\/#\/schema\/person\/cada3fd4465ba52936f2ff0c14314ad6"},"headline":"Un sponsoring gourmand avec le Servette FC","datePublished":"2026-09-03T08:52:14+00:00","dateModified":"2026-09-03T08:52:15+00:00","mainEntityOfPage":{"@id":"https:\/\/umg.ch\/de\/un-sponsoring-gourmand-avec-le-servette-fc\/"},"wordCount":118,"image":{"@id":"https:\/\/umg.ch\/de\/un-sponsoring-gourmand-avec-le-servette-fc\/#primaryimage"},"thumbnailUrl":"https:\/\/umg.ch\/wp-content\/uploads\/2026\/09\/WhatsApp-Image-2026-08-31-at-7.37.19-AM-1.jpeg","keywords":["D\u00e9gustations","Servette FC","Union Maraich\u00e8re de Gen\u00e8ve"],"articleSection":["Actualit\u00e9s","Ev\u00e9nements"],"inLanguage":"de"},{"@type":"WebPage","@id":"https:\/\/umg.ch\/de\/un-sponsoring-gourmand-avec-le-servette-fc\/","url":"https:\/\/umg.ch\/de\/un-sponsoring-gourmand-avec-le-servette-fc\/","name":"Un sponsoring gourmand avec le Servette FC - Union Mara\u00eech\u00e8re de Gen\u00e8ve","isPartOf":{"@id":"https:\/\/umg.ch\/de\/#website"},"primaryImageOfPage":{"@id":"https:\/\/umg.ch\/de\/un-sponsoring-gourmand-avec-le-servette-fc\/#primaryimage"},"image":{"@id":"https:\/\/umg.ch\/de\/un-sponsoring-gourmand-avec-le-servette-fc\/#primaryimage"},"thumbnailUrl":"https:\/\/umg.ch\/wp-content\/uploads\/2026\/09\/WhatsApp-Image-2026-08-31-at-7.37.19-AM-1.jpeg","datePublished":"2026-09-03T08:52:14+00:00","dateModified":"2026-09-03T08:52:15+00:00","author":{"@id":"https:\/\/umg.ch\/de\/#\/schema\/person\/cada3fd4465ba52936f2ff0c14314ad6"},"breadcrumb":{"@id":"https:\/\/umg.ch\/de\/un-sponsoring-gourmand-avec-le-servette-fc\/#breadcrumb"},"inLanguage":"de","potentialAction":[{"@type":"ReadAction","target":["https:\/\/umg.ch\/de\/un-sponsoring-gourmand-avec-le-servette-fc\/"]}]},{"@type":"ImageObject","inLanguage":"de","@id":"https:\/\/umg.ch\/de\/un-sponsoring-gourmand-avec-le-servette-fc\/#primaryimage","url":"https:\/\/umg.ch\/wp-content\/uploads\/2026\/09\/WhatsApp-Image-2026-08-31-at-7.37.19-AM-1.jpeg","contentUrl":"https:\/\/umg.ch\/wp-content\/uploads\/2026\/09\/WhatsApp-Image-2026-08-31-at-7.37.19-AM-1.jpeg","width":2048,"height":1152},{"@type":"BreadcrumbList","@id":"https:\/\/umg.ch\/de\/un-sponsoring-gourmand-avec-le-servette-fc\/#breadcrumb","itemListElement":[{"@type":"ListItem","position":1,"name":"Startseite","item":"https:\/\/umg.ch\/de\/"},{"@type":"ListItem","position":2,"name":"Un sponsoring gourmand avec le Servette FC"}]},{"@type":"WebSite","@id":"https:\/\/umg.ch\/de\/#website","url":"https:\/\/umg.ch\/de\/","name":"Union Mara\u00eech\u00e8re de Gen\u00e8ve","description":"Un terroir et des hommes","potentialAction":[{"@type":"SearchAction","target":{"@type":"EntryPoint","urlTemplate":"https:\/\/umg.ch\/de\/?s={search_term_string}"},"query-input":{"@type":"PropertyValueSpecification","valueRequired":true,"valueName":"search_term_string"}}],"inLanguage":"de"},{"@type":"Person","@id":"https:\/\/umg.ch\/de\/#\/schema\/person\/cada3fd4465ba52936f2ff0c14314ad6","name":"Aur\u00e9lien Picaud","image":{"@type":"ImageObject","inLanguage":"de","@id":"https:\/\/secure.gravatar.com\/avatar\/404f0c8c1b5a5e3d478363d3264c05c4e8927c278998cb16f8049d97c627cdf1?s=96&d=mm&r=g","url":"https:\/\/secure.gravatar.com\/avatar\/404f0c8c1b5a5e3d478363d3264c05c4e8927c278998cb16f8049d97c627cdf1?s=96&d=mm&r=g","contentUrl":"https:\/\/secure.gravatar.com\/avatar\/404f0c8c1b5a5e3d478363d3264c05c4e8927c278998cb16f8049d97c627cdf1?s=96&d=mm&r=g","caption":"Aur\u00e9lien Picaud"},"url":"https:\/\/umg.ch\/de\/author\/apicaud\/"}]}},"_links":{"self":[{"href":"https:\/\/umg.ch\/de\/wp-json\/wp\/v2\/posts\/6312","targetHints":{"allow":["GET"]}}],"collection":[{"href":"https:\/\/umg.ch\/de\/wp-json\/wp\/v2\/posts"}],"about":[{"href":"https:\/\/umg.ch\/de\/wp-json\/wp\/v2\/types\/post"}],"author":[{"embeddable":true,"href":"https:\/\/umg.ch\/de\/wp-json\/wp\/v2\/users\/3"}],"replies":[{"embeddable":true,"href":"https:\/\/umg.ch\/de\/wp-json\/wp\/v2\/comments?post=6312"}],"version-history":[{"count":2,"href":"https:\/\/umg.ch\/de\/wp-json\/wp\/v2\/posts\/6312\/revisions"}],"predecessor-version":[{"id":6322,"href":"https:\/\/umg.ch\/de\/wp-json\/wp\/v2\/posts\/6312\/revisions\/6322"}],"wp:featuredmedia":[{"embeddable":true,"href":"https:\/\/umg.ch\/de\/wp-json\/wp\/v2\/media\/6313"}],"wp:attachment":[{"href":"https:\/\/umg.ch\/de\/wp-json\/wp\/v2\/media?parent=6312"}],"wp:term":[{"taxonomy":"category","embeddable":true,"href":"https:\/\/umg.ch\/de\/wp-json\/wp\/v2\/categories?post=6312"},{"taxonomy":"post_tag","embeddable":true,"href":"https:\/\/umg.ch\/de\/wp-json\/wp\/v2\/tags?post=6312"}],"curies":[{"name":"wp","href":"https:\/\/api.w.org\/{rel}","templated":true}]}}