{"id":6310,"date":"2026-09-03T15:43:57","date_gmt":"2026-09-03T13:43:57","guid":{"rendered":"https:\/\/umg.ch\/?p=6310"},"modified":"2026-09-03T15:43:58","modified_gmt":"2026-09-03T13:43:58","slug":"festiterroir-un-beau-week-end-pour-lunion-maraichere-de-geneve","status":"publish","type":"post","link":"https:\/\/umg.ch\/de\/festiterroir-un-beau-week-end-pour-lunion-maraichere-de-geneve\/","title":{"rendered":"Festiterroir : un beau week-end pour l&#8217;Union Mara\u00eech\u00e8re de Gen\u00e8ve"},"content":{"rendered":"\n<p class=\"wp-block-paragraph\">Cette ann\u00e9e, l&#8217;Union Mara\u00eech\u00e8re de Gen\u00e8ve a particip\u00e9 \u00e0 <strong>Festiterroir<\/strong>. Et quel beau week-end !<\/p>\n\n\n\n<p class=\"wp-block-paragraph\">Le public est venu nombreux. Les visiteurs se sont arr\u00eat\u00e9s \u00e0 notre stand tout au long de ces journ\u00e9es, dans une ambiance chaleureuse et conviviale.<\/p>\n\n\n\n<p class=\"wp-block-paragraph\">Nos <strong>nouvelles sauces piquantes C\u00f4t\u00e9 Jardin<\/strong> ont fait un carton. Les gourmands les ont adopt\u00e9es tout de suite. Elles sont m\u00eame parties comme des petits pains !<\/p>\n\n\n\n<p class=\"wp-block-paragraph\">Merci \u00e0 toutes celles et ceux qui sont venus nous rencontrer. <\/p>\n\n\n\n<p class=\"wp-block-paragraph\">Vos sourires, vos discussions et votre curiosit\u00e9 ont fait toute la diff\u00e9rence. Nous avons ador\u00e9 ce moment de partage, et nous avons d\u00e9j\u00e0 h\u00e2te de vous retrouver.<\/p>\n\n\n\n<figure class=\"wp-block-gallery has-nested-images columns-default is-cropped wp-block-gallery-1 is-layout-flex wp-block-gallery-is-layout-flex\">\n<figure class=\"wp-block-image size-large\"><img loading=\"lazy\" decoding=\"async\" width=\"1170\" height=\"878\" data-id=\"6323\" src=\"https:\/\/umg.ch\/wp-content\/uploads\/2026\/09\/WhatsApp-Image-2026-09-03-at-1.26.46-PM-2-1170x878.jpeg\" alt=\"\" class=\"wp-image-6323\" srcset=\"https:\/\/umg.ch\/wp-content\/uploads\/2026\/09\/WhatsApp-Image-2026-09-03-at-1.26.46-PM-2-1170x878.jpeg 1170w, https:\/\/umg.ch\/wp-content\/uploads\/2026\/09\/WhatsApp-Image-2026-09-03-at-1.26.46-PM-2-600x450.jpeg 600w, https:\/\/umg.ch\/wp-content\/uploads\/2026\/09\/WhatsApp-Image-2026-09-03-at-1.26.46-PM-2-768x576.jpeg 768w, https:\/\/umg.ch\/wp-content\/uploads\/2026\/09\/WhatsApp-Image-2026-09-03-at-1.26.46-PM-2-1536x1152.jpeg 1536w, https:\/\/umg.ch\/wp-content\/uploads\/2026\/09\/WhatsApp-Image-2026-09-03-at-1.26.46-PM-2-900x675.jpeg 900w, https:\/\/umg.ch\/wp-content\/uploads\/2026\/09\/WhatsApp-Image-2026-09-03-at-1.26.46-PM-2-120x90.jpeg 120w, https:\/\/umg.ch\/wp-content\/uploads\/2026\/09\/WhatsApp-Image-2026-09-03-at-1.26.46-PM-2.jpeg 2048w\" sizes=\"auto, (max-width: 1170px) 100vw, 1170px\" \/><\/figure>\n\n\n\n<figure class=\"wp-block-image size-large\"><img loading=\"lazy\" decoding=\"async\" width=\"1170\" height=\"878\" data-id=\"6327\" src=\"https:\/\/umg.ch\/wp-content\/uploads\/2026\/09\/WhatsApp-Image-2026-09-03-at-1.23.45-PM-1-1170x878.jpeg\" alt=\"\" class=\"wp-image-6327\" srcset=\"https:\/\/umg.ch\/wp-content\/uploads\/2026\/09\/WhatsApp-Image-2026-09-03-at-1.23.45-PM-1-1170x878.jpeg 1170w, https:\/\/umg.ch\/wp-content\/uploads\/2026\/09\/WhatsApp-Image-2026-09-03-at-1.23.45-PM-1-600x450.jpeg 600w, https:\/\/umg.ch\/wp-content\/uploads\/2026\/09\/WhatsApp-Image-2026-09-03-at-1.23.45-PM-1-768x576.jpeg 768w, https:\/\/umg.ch\/wp-content\/uploads\/2026\/09\/WhatsApp-Image-2026-09-03-at-1.23.45-PM-1-1536x1152.jpeg 1536w, https:\/\/umg.ch\/wp-content\/uploads\/2026\/09\/WhatsApp-Image-2026-09-03-at-1.23.45-PM-1-900x675.jpeg 900w, https:\/\/umg.ch\/wp-content\/uploads\/2026\/09\/WhatsApp-Image-2026-09-03-at-1.23.45-PM-1-120x90.jpeg 120w, https:\/\/umg.ch\/wp-content\/uploads\/2026\/09\/WhatsApp-Image-2026-09-03-at-1.23.45-PM-1.jpeg 1600w\" sizes=\"auto, (max-width: 1170px) 100vw, 1170px\" \/><\/figure>\n<\/figure>\n\n\n\n<figure class=\"wp-block-image size-large is-resized\"><img loading=\"lazy\" decoding=\"async\" width=\"1170\" height=\"878\" src=\"https:\/\/umg.ch\/wp-content\/uploads\/2026\/09\/WhatsApp-Image-2026-09-03-at-1.23.45-PM-1170x878.jpeg\" alt=\"\" class=\"wp-image-6324\" style=\"aspect-ratio:1.3325784003945134;width:568px;height:auto\" srcset=\"https:\/\/umg.ch\/wp-content\/uploads\/2026\/09\/WhatsApp-Image-2026-09-03-at-1.23.45-PM-1170x878.jpeg 1170w, https:\/\/umg.ch\/wp-content\/uploads\/2026\/09\/WhatsApp-Image-2026-09-03-at-1.23.45-PM-600x450.jpeg 600w, https:\/\/umg.ch\/wp-content\/uploads\/2026\/09\/WhatsApp-Image-2026-09-03-at-1.23.45-PM-768x576.jpeg 768w, https:\/\/umg.ch\/wp-content\/uploads\/2026\/09\/WhatsApp-Image-2026-09-03-at-1.23.45-PM-1536x1152.jpeg 1536w, https:\/\/umg.ch\/wp-content\/uploads\/2026\/09\/WhatsApp-Image-2026-09-03-at-1.23.45-PM-900x675.jpeg 900w, https:\/\/umg.ch\/wp-content\/uploads\/2026\/09\/WhatsApp-Image-2026-09-03-at-1.23.45-PM-120x90.jpeg 120w, https:\/\/umg.ch\/wp-content\/uploads\/2026\/09\/WhatsApp-Image-2026-09-03-at-1.23.45-PM.jpeg 2048w\" sizes=\"auto, (max-width: 1170px) 100vw, 1170px\" \/><\/figure>\n","protected":false},"excerpt":{"rendered":"<p>Cette ann\u00e9e, l&#8217;Union Mara\u00eech\u00e8re de Gen\u00e8ve a particip\u00e9 \u00e0 Festiterroir. Et quel beau week-end ! Le public est venu nombreux. Les visiteurs se sont arr\u00eat\u00e9s \u00e0 notre stand tout au [&hellip;]<\/p>\n","protected":false},"author":3,"featured_media":6324,"comment_status":"closed","ping_status":"closed","sticky":false,"template":"","format":"standard","meta":{"_acf_changed":false,"inline_featured_image":false,"footnotes":""},"categories":[3,25],"tags":[108,96],"class_list":["post-6310","post","type-post","status-publish","format-standard","has-post-thumbnail","hentry","category-actualites","category-evenements","tag-festiterroir","tag-union-maraichere-de-geneve"],"acf":[],"yoast_head":"<!-- This site is optimized with the Yoast SEO plugin v28.4 - https:\/\/yoast.com\/product\/yoast-seo-wordpress\/ -->\n<title>Festiterroir : un beau week-end pour l&#039;Union Mara\u00eech\u00e8re de Gen\u00e8ve - Union Mara\u00eech\u00e8re de Gen\u00e8ve<\/title>\n<meta name=\"robots\" content=\"index, follow, max-snippet:-1, max-image-preview:large, max-video-preview:-1\" \/>\n<link rel=\"canonical\" href=\"https:\/\/umg.ch\/de\/festiterroir-un-beau-week-end-pour-lunion-maraichere-de-geneve\/\" \/>\n<meta property=\"og:locale\" content=\"de_DE\" \/>\n<meta property=\"og:type\" content=\"article\" \/>\n<meta property=\"og:title\" content=\"Festiterroir : un beau week-end pour l&#039;Union Mara\u00eech\u00e8re de Gen\u00e8ve - Union Mara\u00eech\u00e8re de Gen\u00e8ve\" \/>\n<meta property=\"og:description\" content=\"Cette ann\u00e9e, l&#8217;Union Mara\u00eech\u00e8re de Gen\u00e8ve a particip\u00e9 \u00e0 Festiterroir. Et quel beau week-end ! Le public est venu nombreux. Les visiteurs se sont arr\u00eat\u00e9s \u00e0 notre stand tout au [&hellip;]\" \/>\n<meta property=\"og:url\" content=\"https:\/\/umg.ch\/de\/festiterroir-un-beau-week-end-pour-lunion-maraichere-de-geneve\/\" \/>\n<meta property=\"og:site_name\" content=\"Union Mara\u00eech\u00e8re de Gen\u00e8ve\" \/>\n<meta property=\"article:published_time\" content=\"2026-09-03T13:43:57+00:00\" \/>\n<meta property=\"article:modified_time\" content=\"2026-09-03T13:43:58+00:00\" \/>\n<meta property=\"og:image\" content=\"https:\/\/umg.ch\/wp-content\/uploads\/2026\/09\/WhatsApp-Image-2026-09-03-at-1.23.45-PM.jpeg\" \/>\n\t<meta property=\"og:image:width\" content=\"2048\" \/>\n\t<meta property=\"og:image:height\" content=\"1536\" \/>\n\t<meta property=\"og:image:type\" content=\"image\/jpeg\" \/>\n<meta name=\"author\" content=\"Aur\u00e9lien Picaud\" \/>\n<meta name=\"twitter:card\" content=\"summary_large_image\" \/>\n<meta name=\"twitter:label1\" content=\"Verfasst von\" \/>\n\t<meta name=\"twitter:data1\" content=\"Aur\u00e9lien Picaud\" \/>\n\t<meta name=\"twitter:label2\" content=\"Gesch\u00e4tzte Lesezeit\" \/>\n\t<meta name=\"twitter:data2\" content=\"2\u00a0Minuten\" \/>\n<script type=\"application\/ld+json\" class=\"yoast-schema-graph\">{\"@context\":\"https:\\\/\\\/schema.org\",\"@graph\":[{\"@type\":\"Article\",\"@id\":\"https:\\\/\\\/umg.ch\\\/de\\\/festiterroir-un-beau-week-end-pour-lunion-maraichere-de-geneve\\\/#article\",\"isPartOf\":{\"@id\":\"https:\\\/\\\/umg.ch\\\/de\\\/festiterroir-un-beau-week-end-pour-lunion-maraichere-de-geneve\\\/\"},\"author\":{\"name\":\"Aur\u00e9lien Picaud\",\"@id\":\"https:\\\/\\\/umg.ch\\\/de\\\/#\\\/schema\\\/person\\\/cada3fd4465ba52936f2ff0c14314ad6\"},\"headline\":\"Festiterroir : un beau week-end pour l&#8217;Union Mara\u00eech\u00e8re de Gen\u00e8ve\",\"datePublished\":\"2026-09-03T13:43:57+00:00\",\"dateModified\":\"2026-09-03T13:43:58+00:00\",\"mainEntityOfPage\":{\"@id\":\"https:\\\/\\\/umg.ch\\\/de\\\/festiterroir-un-beau-week-end-pour-lunion-maraichere-de-geneve\\\/\"},\"wordCount\":127,\"image\":{\"@id\":\"https:\\\/\\\/umg.ch\\\/de\\\/festiterroir-un-beau-week-end-pour-lunion-maraichere-de-geneve\\\/#primaryimage\"},\"thumbnailUrl\":\"https:\\\/\\\/umg.ch\\\/wp-content\\\/uploads\\\/2026\\\/09\\\/WhatsApp-Image-2026-09-03-at-1.23.45-PM.jpeg\",\"keywords\":[\"Festi'terroir\",\"Union Maraich\u00e8re de Gen\u00e8ve\"],\"articleSection\":[\"Actualit\u00e9s\",\"Ev\u00e9nements\"],\"inLanguage\":\"de\"},{\"@type\":\"WebPage\",\"@id\":\"https:\\\/\\\/umg.ch\\\/de\\\/festiterroir-un-beau-week-end-pour-lunion-maraichere-de-geneve\\\/\",\"url\":\"https:\\\/\\\/umg.ch\\\/de\\\/festiterroir-un-beau-week-end-pour-lunion-maraichere-de-geneve\\\/\",\"name\":\"Festiterroir : un beau week-end pour l'Union Mara\u00eech\u00e8re de Gen\u00e8ve - Union Mara\u00eech\u00e8re de Gen\u00e8ve\",\"isPartOf\":{\"@id\":\"https:\\\/\\\/umg.ch\\\/de\\\/#website\"},\"primaryImageOfPage\":{\"@id\":\"https:\\\/\\\/umg.ch\\\/de\\\/festiterroir-un-beau-week-end-pour-lunion-maraichere-de-geneve\\\/#primaryimage\"},\"image\":{\"@id\":\"https:\\\/\\\/umg.ch\\\/de\\\/festiterroir-un-beau-week-end-pour-lunion-maraichere-de-geneve\\\/#primaryimage\"},\"thumbnailUrl\":\"https:\\\/\\\/umg.ch\\\/wp-content\\\/uploads\\\/2026\\\/09\\\/WhatsApp-Image-2026-09-03-at-1.23.45-PM.jpeg\",\"datePublished\":\"2026-09-03T13:43:57+00:00\",\"dateModified\":\"2026-09-03T13:43:58+00:00\",\"author\":{\"@id\":\"https:\\\/\\\/umg.ch\\\/de\\\/#\\\/schema\\\/person\\\/cada3fd4465ba52936f2ff0c14314ad6\"},\"breadcrumb\":{\"@id\":\"https:\\\/\\\/umg.ch\\\/de\\\/festiterroir-un-beau-week-end-pour-lunion-maraichere-de-geneve\\\/#breadcrumb\"},\"inLanguage\":\"de\",\"potentialAction\":[{\"@type\":\"ReadAction\",\"target\":[\"https:\\\/\\\/umg.ch\\\/de\\\/festiterroir-un-beau-week-end-pour-lunion-maraichere-de-geneve\\\/\"]}]},{\"@type\":\"ImageObject\",\"inLanguage\":\"de\",\"@id\":\"https:\\\/\\\/umg.ch\\\/de\\\/festiterroir-un-beau-week-end-pour-lunion-maraichere-de-geneve\\\/#primaryimage\",\"url\":\"https:\\\/\\\/umg.ch\\\/wp-content\\\/uploads\\\/2026\\\/09\\\/WhatsApp-Image-2026-09-03-at-1.23.45-PM.jpeg\",\"contentUrl\":\"https:\\\/\\\/umg.ch\\\/wp-content\\\/uploads\\\/2026\\\/09\\\/WhatsApp-Image-2026-09-03-at-1.23.45-PM.jpeg\",\"width\":2048,\"height\":1536},{\"@type\":\"BreadcrumbList\",\"@id\":\"https:\\\/\\\/umg.ch\\\/de\\\/festiterroir-un-beau-week-end-pour-lunion-maraichere-de-geneve\\\/#breadcrumb\",\"itemListElement\":[{\"@type\":\"ListItem\",\"position\":1,\"name\":\"Startseite\",\"item\":\"https:\\\/\\\/umg.ch\\\/de\\\/\"},{\"@type\":\"ListItem\",\"position\":2,\"name\":\"Festiterroir : un beau week-end pour l&rsquo;Union Mara\u00eech\u00e8re de Gen\u00e8ve\"}]},{\"@type\":\"WebSite\",\"@id\":\"https:\\\/\\\/umg.ch\\\/de\\\/#website\",\"url\":\"https:\\\/\\\/umg.ch\\\/de\\\/\",\"name\":\"Union Mara\u00eech\u00e8re de Gen\u00e8ve\",\"description\":\"Un terroir et des hommes\",\"potentialAction\":[{\"@type\":\"SearchAction\",\"target\":{\"@type\":\"EntryPoint\",\"urlTemplate\":\"https:\\\/\\\/umg.ch\\\/de\\\/?s={search_term_string}\"},\"query-input\":{\"@type\":\"PropertyValueSpecification\",\"valueRequired\":true,\"valueName\":\"search_term_string\"}}],\"inLanguage\":\"de\"},{\"@type\":\"Person\",\"@id\":\"https:\\\/\\\/umg.ch\\\/de\\\/#\\\/schema\\\/person\\\/cada3fd4465ba52936f2ff0c14314ad6\",\"name\":\"Aur\u00e9lien Picaud\",\"image\":{\"@type\":\"ImageObject\",\"inLanguage\":\"de\",\"@id\":\"https:\\\/\\\/secure.gravatar.com\\\/avatar\\\/404f0c8c1b5a5e3d478363d3264c05c4e8927c278998cb16f8049d97c627cdf1?s=96&d=mm&r=g\",\"url\":\"https:\\\/\\\/secure.gravatar.com\\\/avatar\\\/404f0c8c1b5a5e3d478363d3264c05c4e8927c278998cb16f8049d97c627cdf1?s=96&d=mm&r=g\",\"contentUrl\":\"https:\\\/\\\/secure.gravatar.com\\\/avatar\\\/404f0c8c1b5a5e3d478363d3264c05c4e8927c278998cb16f8049d97c627cdf1?s=96&d=mm&r=g\",\"caption\":\"Aur\u00e9lien Picaud\"},\"url\":\"https:\\\/\\\/umg.ch\\\/de\\\/author\\\/apicaud\\\/\"}]}<\/script>\n<!-- \/ Yoast SEO plugin. -->","yoast_head_json":{"title":"Festiterroir : un beau week-end pour l'Union Mara\u00eech\u00e8re de Gen\u00e8ve - Union Mara\u00eech\u00e8re de Gen\u00e8ve","robots":{"index":"index","follow":"follow","max-snippet":"max-snippet:-1","max-image-preview":"max-image-preview:large","max-video-preview":"max-video-preview:-1"},"canonical":"https:\/\/umg.ch\/de\/festiterroir-un-beau-week-end-pour-lunion-maraichere-de-geneve\/","og_locale":"de_DE","og_type":"article","og_title":"Festiterroir : un beau week-end pour l'Union Mara\u00eech\u00e8re de Gen\u00e8ve - Union Mara\u00eech\u00e8re de Gen\u00e8ve","og_description":"Cette ann\u00e9e, l&#8217;Union Mara\u00eech\u00e8re de Gen\u00e8ve a particip\u00e9 \u00e0 Festiterroir. Et quel beau week-end ! Le public est venu nombreux. Les visiteurs se sont arr\u00eat\u00e9s \u00e0 notre stand tout au [&hellip;]","og_url":"https:\/\/umg.ch\/de\/festiterroir-un-beau-week-end-pour-lunion-maraichere-de-geneve\/","og_site_name":"Union Mara\u00eech\u00e8re de Gen\u00e8ve","article_published_time":"2026-09-03T13:43:57+00:00","article_modified_time":"2026-09-03T13:43:58+00:00","og_image":[{"width":2048,"height":1536,"url":"https:\/\/umg.ch\/wp-content\/uploads\/2026\/09\/WhatsApp-Image-2026-09-03-at-1.23.45-PM.jpeg","type":"image\/jpeg"}],"author":"Aur\u00e9lien Picaud","twitter_card":"summary_large_image","twitter_misc":{"Verfasst von":"Aur\u00e9lien Picaud","Gesch\u00e4tzte Lesezeit":"2\u00a0Minuten"},"schema":{"@context":"https:\/\/schema.org","@graph":[{"@type":"Article","@id":"https:\/\/umg.ch\/de\/festiterroir-un-beau-week-end-pour-lunion-maraichere-de-geneve\/#article","isPartOf":{"@id":"https:\/\/umg.ch\/de\/festiterroir-un-beau-week-end-pour-lunion-maraichere-de-geneve\/"},"author":{"name":"Aur\u00e9lien Picaud","@id":"https:\/\/umg.ch\/de\/#\/schema\/person\/cada3fd4465ba52936f2ff0c14314ad6"},"headline":"Festiterroir : un beau week-end pour l&#8217;Union Mara\u00eech\u00e8re de Gen\u00e8ve","datePublished":"2026-09-03T13:43:57+00:00","dateModified":"2026-09-03T13:43:58+00:00","mainEntityOfPage":{"@id":"https:\/\/umg.ch\/de\/festiterroir-un-beau-week-end-pour-lunion-maraichere-de-geneve\/"},"wordCount":127,"image":{"@id":"https:\/\/umg.ch\/de\/festiterroir-un-beau-week-end-pour-lunion-maraichere-de-geneve\/#primaryimage"},"thumbnailUrl":"https:\/\/umg.ch\/wp-content\/uploads\/2026\/09\/WhatsApp-Image-2026-09-03-at-1.23.45-PM.jpeg","keywords":["Festi'terroir","Union Maraich\u00e8re de Gen\u00e8ve"],"articleSection":["Actualit\u00e9s","Ev\u00e9nements"],"inLanguage":"de"},{"@type":"WebPage","@id":"https:\/\/umg.ch\/de\/festiterroir-un-beau-week-end-pour-lunion-maraichere-de-geneve\/","url":"https:\/\/umg.ch\/de\/festiterroir-un-beau-week-end-pour-lunion-maraichere-de-geneve\/","name":"Festiterroir : un beau week-end pour l'Union Mara\u00eech\u00e8re de Gen\u00e8ve - Union Mara\u00eech\u00e8re de Gen\u00e8ve","isPartOf":{"@id":"https:\/\/umg.ch\/de\/#website"},"primaryImageOfPage":{"@id":"https:\/\/umg.ch\/de\/festiterroir-un-beau-week-end-pour-lunion-maraichere-de-geneve\/#primaryimage"},"image":{"@id":"https:\/\/umg.ch\/de\/festiterroir-un-beau-week-end-pour-lunion-maraichere-de-geneve\/#primaryimage"},"thumbnailUrl":"https:\/\/umg.ch\/wp-content\/uploads\/2026\/09\/WhatsApp-Image-2026-09-03-at-1.23.45-PM.jpeg","datePublished":"2026-09-03T13:43:57+00:00","dateModified":"2026-09-03T13:43:58+00:00","author":{"@id":"https:\/\/umg.ch\/de\/#\/schema\/person\/cada3fd4465ba52936f2ff0c14314ad6"},"breadcrumb":{"@id":"https:\/\/umg.ch\/de\/festiterroir-un-beau-week-end-pour-lunion-maraichere-de-geneve\/#breadcrumb"},"inLanguage":"de","potentialAction":[{"@type":"ReadAction","target":["https:\/\/umg.ch\/de\/festiterroir-un-beau-week-end-pour-lunion-maraichere-de-geneve\/"]}]},{"@type":"ImageObject","inLanguage":"de","@id":"https:\/\/umg.ch\/de\/festiterroir-un-beau-week-end-pour-lunion-maraichere-de-geneve\/#primaryimage","url":"https:\/\/umg.ch\/wp-content\/uploads\/2026\/09\/WhatsApp-Image-2026-09-03-at-1.23.45-PM.jpeg","contentUrl":"https:\/\/umg.ch\/wp-content\/uploads\/2026\/09\/WhatsApp-Image-2026-09-03-at-1.23.45-PM.jpeg","width":2048,"height":1536},{"@type":"BreadcrumbList","@id":"https:\/\/umg.ch\/de\/festiterroir-un-beau-week-end-pour-lunion-maraichere-de-geneve\/#breadcrumb","itemListElement":[{"@type":"ListItem","position":1,"name":"Startseite","item":"https:\/\/umg.ch\/de\/"},{"@type":"ListItem","position":2,"name":"Festiterroir : un beau week-end pour l&rsquo;Union Mara\u00eech\u00e8re de Gen\u00e8ve"}]},{"@type":"WebSite","@id":"https:\/\/umg.ch\/de\/#website","url":"https:\/\/umg.ch\/de\/","name":"Union Mara\u00eech\u00e8re de Gen\u00e8ve","description":"Un terroir et des hommes","potentialAction":[{"@type":"SearchAction","target":{"@type":"EntryPoint","urlTemplate":"https:\/\/umg.ch\/de\/?s={search_term_string}"},"query-input":{"@type":"PropertyValueSpecification","valueRequired":true,"valueName":"search_term_string"}}],"inLanguage":"de"},{"@type":"Person","@id":"https:\/\/umg.ch\/de\/#\/schema\/person\/cada3fd4465ba52936f2ff0c14314ad6","name":"Aur\u00e9lien Picaud","image":{"@type":"ImageObject","inLanguage":"de","@id":"https:\/\/secure.gravatar.com\/avatar\/404f0c8c1b5a5e3d478363d3264c05c4e8927c278998cb16f8049d97c627cdf1?s=96&d=mm&r=g","url":"https:\/\/secure.gravatar.com\/avatar\/404f0c8c1b5a5e3d478363d3264c05c4e8927c278998cb16f8049d97c627cdf1?s=96&d=mm&r=g","contentUrl":"https:\/\/secure.gravatar.com\/avatar\/404f0c8c1b5a5e3d478363d3264c05c4e8927c278998cb16f8049d97c627cdf1?s=96&d=mm&r=g","caption":"Aur\u00e9lien Picaud"},"url":"https:\/\/umg.ch\/de\/author\/apicaud\/"}]}},"_links":{"self":[{"href":"https:\/\/umg.ch\/de\/wp-json\/wp\/v2\/posts\/6310","targetHints":{"allow":["GET"]}}],"collection":[{"href":"https:\/\/umg.ch\/de\/wp-json\/wp\/v2\/posts"}],"about":[{"href":"https:\/\/umg.ch\/de\/wp-json\/wp\/v2\/types\/post"}],"author":[{"embeddable":true,"href":"https:\/\/umg.ch\/de\/wp-json\/wp\/v2\/users\/3"}],"replies":[{"embeddable":true,"href":"https:\/\/umg.ch\/de\/wp-json\/wp\/v2\/comments?post=6310"}],"version-history":[{"count":2,"href":"https:\/\/umg.ch\/de\/wp-json\/wp\/v2\/posts\/6310\/revisions"}],"predecessor-version":[{"id":6329,"href":"https:\/\/umg.ch\/de\/wp-json\/wp\/v2\/posts\/6310\/revisions\/6329"}],"wp:featuredmedia":[{"embeddable":true,"href":"https:\/\/umg.ch\/de\/wp-json\/wp\/v2\/media\/6324"}],"wp:attachment":[{"href":"https:\/\/umg.ch\/de\/wp-json\/wp\/v2\/media?parent=6310"}],"wp:term":[{"taxonomy":"category","embeddable":true,"href":"https:\/\/umg.ch\/de\/wp-json\/wp\/v2\/categories?post=6310"},{"taxonomy":"post_tag","embeddable":true,"href":"https:\/\/umg.ch\/de\/wp-json\/wp\/v2\/tags?post=6310"}],"curies":[{"name":"wp","href":"https:\/\/api.w.org\/{rel}","templated":true}]}}