{"id":6291,"date":"2026-09-03T10:35:28","date_gmt":"2026-09-03T08:35:28","guid":{"rendered":"https:\/\/umg.ch\/?p=6291"},"modified":"2026-09-03T10:36:30","modified_gmt":"2026-09-03T08:36:30","slug":"courir-pour-hugo-une-nouvelle-annee-un-nouveau-record","status":"publish","type":"post","link":"https:\/\/umg.ch\/de\/courir-pour-hugo-une-nouvelle-annee-un-nouveau-record\/","title":{"rendered":"Le D\u00e9fi des Marais : une nouvelle ann\u00e9e, un nouveau record !"},"content":{"rendered":"\n<p class=\"wp-block-paragraph\">Cette ann\u00e9e encore, l&#8217;Union Mara\u00eech\u00e8re de Gen\u00e8ve a soutenu le <strong>D\u00e9fi des Marais<\/strong> comme sponsor officiel. L&#8217;association <strong>Roule pour Hugo <\/strong>organise cet \u00e9v\u00e9nement. Et une fois de plus, c&#8217;est un carton plein !<\/p>\n\n\n\n<p class=\"wp-block-paragraph\">Nous n&#8217;\u00e9tions pas seulement partenaires. Nos \u00e9quipes ont aussi chauss\u00e9 les baskets et relev\u00e9 le d\u00e9fi ! <\/p>\n\n\n\n<p class=\"wp-block-paragraph\">Le principe est simple. Les participants doivent parcourir <strong>7&#8217;000 km<\/strong> en une journ\u00e9e, \u00e0 pied, en courant ou en fauteuil roulant. Chaque kilom\u00e8tre soutient la r\u00e9\u00e9ducation des personnes parapl\u00e9giques et t\u00e9trapl\u00e9giques \u00e0 Gen\u00e8ve. De 10h \u00e0 17h, coureurs, marcheurs, visiteurs et b\u00e9n\u00e9voles se sont relay\u00e9s sans rel\u00e2che.<\/p>\n\n\n\n<p class=\"wp-block-paragraph\">Et quel d\u00e9fi ! Les participants ont d\u00e9pass\u00e9 l&#8217;objectif, avec une belle avance. D\u00e8s 12h, ils avaient d\u00e9j\u00e0 franchi les 7&#8217;000 km. En fin de journ\u00e9e, tous ensemble, ils ont parcouru <strong>9&#8217;309 km<\/strong>. Plus de <strong>1&#8217;000 participant\u00b7es<\/strong> et <strong>76 \u00e9quipes<\/strong> ont port\u00e9 cette r\u00e9ussite.<\/p>\n\n\n\n<p class=\"wp-block-paragraph\">Une magnifique \u00e9dition, pleine d&#8217;\u00e9nergie, de solidarit\u00e9 et de bonne humeur. Nous sommes fiers d&#8217;y avoir contribu\u00e9. Et nous avons h\u00e2te de remettre \u00e7a. <\/p>\n\n\n\n<p class=\"wp-block-paragraph\"><strong>Rendez-vous en 2027 !<\/strong><\/p>\n\n\n\n<figure class=\"wp-block-gallery has-nested-images columns-default is-cropped wp-block-gallery-1 is-layout-flex wp-block-gallery-is-layout-flex\">\n<figure class=\"wp-block-image size-large\"><img loading=\"lazy\" decoding=\"async\" width=\"878\" height=\"1170\" data-id=\"6302\" src=\"https:\/\/umg.ch\/wp-content\/uploads\/2026\/09\/WhatsApp-Image-2026-08-31-at-8.41.03-AM-2-878x1170.jpeg\" alt=\"\" class=\"wp-image-6302\" srcset=\"https:\/\/umg.ch\/wp-content\/uploads\/2026\/09\/WhatsApp-Image-2026-08-31-at-8.41.03-AM-2-878x1170.jpeg 878w, https:\/\/umg.ch\/wp-content\/uploads\/2026\/09\/WhatsApp-Image-2026-08-31-at-8.41.03-AM-2-600x800.jpeg 600w, https:\/\/umg.ch\/wp-content\/uploads\/2026\/09\/WhatsApp-Image-2026-08-31-at-8.41.03-AM-2-768x1024.jpeg 768w, https:\/\/umg.ch\/wp-content\/uploads\/2026\/09\/WhatsApp-Image-2026-08-31-at-8.41.03-AM-2-1152x1536.jpeg 1152w, https:\/\/umg.ch\/wp-content\/uploads\/2026\/09\/WhatsApp-Image-2026-08-31-at-8.41.03-AM-2.jpeg 1200w\" sizes=\"auto, (max-width: 878px) 100vw, 878px\" \/><\/figure>\n\n\n\n<figure class=\"wp-block-image size-large\"><img loading=\"lazy\" decoding=\"async\" width=\"878\" height=\"1170\" data-id=\"6303\" src=\"https:\/\/umg.ch\/wp-content\/uploads\/2026\/09\/WhatsApp-Image-2026-08-31-at-8.41.04-AM-3-2-878x1170.jpeg\" alt=\"\" class=\"wp-image-6303\" srcset=\"https:\/\/umg.ch\/wp-content\/uploads\/2026\/09\/WhatsApp-Image-2026-08-31-at-8.41.04-AM-3-2-878x1170.jpeg 878w, https:\/\/umg.ch\/wp-content\/uploads\/2026\/09\/WhatsApp-Image-2026-08-31-at-8.41.04-AM-3-2-600x800.jpeg 600w, https:\/\/umg.ch\/wp-content\/uploads\/2026\/09\/WhatsApp-Image-2026-08-31-at-8.41.04-AM-3-2-768x1024.jpeg 768w, https:\/\/umg.ch\/wp-content\/uploads\/2026\/09\/WhatsApp-Image-2026-08-31-at-8.41.04-AM-3-2-1152x1536.jpeg 1152w, https:\/\/umg.ch\/wp-content\/uploads\/2026\/09\/WhatsApp-Image-2026-08-31-at-8.41.04-AM-3-2.jpeg 1200w\" sizes=\"auto, (max-width: 878px) 100vw, 878px\" \/><\/figure>\n<\/figure>\n","protected":false},"excerpt":{"rendered":"<p>Cette ann\u00e9e encore, l&#8217;Union Mara\u00eech\u00e8re de Gen\u00e8ve a soutenu le D\u00e9fi des Marais comme sponsor officiel. L&#8217;association Roule pour Hugo organise cet \u00e9v\u00e9nement. Et une fois de plus, c&#8217;est un [&hellip;]<\/p>\n","protected":false},"author":3,"featured_media":6302,"comment_status":"closed","ping_status":"closed","sticky":false,"template":"","format":"standard","meta":{"_acf_changed":false,"inline_featured_image":false,"footnotes":""},"categories":[3,25],"tags":[105,104],"class_list":["post-6291","post","type-post","status-publish","format-standard","has-post-thumbnail","hentry","category-actualites","category-evenements","tag-defi-des-marais","tag-roule-pour-hugo"],"acf":[],"yoast_head":"<!-- This site is optimized with the Yoast SEO plugin v28.4 - https:\/\/yoast.com\/product\/yoast-seo-wordpress\/ -->\n<title>Le D\u00e9fi des Marais : une nouvelle ann\u00e9e, un nouveau record ! - Union Mara\u00eech\u00e8re de Gen\u00e8ve<\/title>\n<meta name=\"robots\" content=\"index, follow, max-snippet:-1, max-image-preview:large, max-video-preview:-1\" \/>\n<link rel=\"canonical\" href=\"https:\/\/umg.ch\/de\/courir-pour-hugo-une-nouvelle-annee-un-nouveau-record\/\" \/>\n<meta property=\"og:locale\" content=\"de_DE\" \/>\n<meta property=\"og:type\" content=\"article\" \/>\n<meta property=\"og:title\" content=\"Le D\u00e9fi des Marais : une nouvelle ann\u00e9e, un nouveau record ! - Union Mara\u00eech\u00e8re de Gen\u00e8ve\" \/>\n<meta property=\"og:description\" content=\"Cette ann\u00e9e encore, l&#8217;Union Mara\u00eech\u00e8re de Gen\u00e8ve a soutenu le D\u00e9fi des Marais comme sponsor officiel. L&#8217;association Roule pour Hugo organise cet \u00e9v\u00e9nement. Et une fois de plus, c&#8217;est un [&hellip;]\" \/>\n<meta property=\"og:url\" content=\"https:\/\/umg.ch\/de\/courir-pour-hugo-une-nouvelle-annee-un-nouveau-record\/\" \/>\n<meta property=\"og:site_name\" content=\"Union Mara\u00eech\u00e8re de Gen\u00e8ve\" \/>\n<meta property=\"article:published_time\" content=\"2026-09-03T08:35:28+00:00\" \/>\n<meta property=\"article:modified_time\" content=\"2026-09-03T08:36:30+00:00\" \/>\n<meta property=\"og:image\" content=\"https:\/\/umg.ch\/wp-content\/uploads\/2026\/09\/WhatsApp-Image-2026-08-31-at-8.41.03-AM-2.jpeg\" \/>\n\t<meta property=\"og:image:width\" content=\"1200\" \/>\n\t<meta property=\"og:image:height\" content=\"1600\" \/>\n\t<meta property=\"og:image:type\" content=\"image\/jpeg\" \/>\n<meta name=\"author\" content=\"Aur\u00e9lien Picaud\" \/>\n<meta name=\"twitter:card\" content=\"summary_large_image\" \/>\n<meta name=\"twitter:label1\" content=\"Verfasst von\" \/>\n\t<meta name=\"twitter:data1\" content=\"Aur\u00e9lien Picaud\" \/>\n\t<meta name=\"twitter:label2\" content=\"Gesch\u00e4tzte Lesezeit\" \/>\n\t<meta name=\"twitter:data2\" content=\"2\u00a0Minuten\" \/>\n<script type=\"application\/ld+json\" class=\"yoast-schema-graph\">{\"@context\":\"https:\\\/\\\/schema.org\",\"@graph\":[{\"@type\":\"Article\",\"@id\":\"https:\\\/\\\/umg.ch\\\/de\\\/courir-pour-hugo-une-nouvelle-annee-un-nouveau-record\\\/#article\",\"isPartOf\":{\"@id\":\"https:\\\/\\\/umg.ch\\\/de\\\/courir-pour-hugo-une-nouvelle-annee-un-nouveau-record\\\/\"},\"author\":{\"name\":\"Aur\u00e9lien Picaud\",\"@id\":\"https:\\\/\\\/umg.ch\\\/de\\\/#\\\/schema\\\/person\\\/cada3fd4465ba52936f2ff0c14314ad6\"},\"headline\":\"Le D\u00e9fi des Marais : une nouvelle ann\u00e9e, un nouveau record !\",\"datePublished\":\"2026-09-03T08:35:28+00:00\",\"dateModified\":\"2026-09-03T08:36:30+00:00\",\"mainEntityOfPage\":{\"@id\":\"https:\\\/\\\/umg.ch\\\/de\\\/courir-pour-hugo-une-nouvelle-annee-un-nouveau-record\\\/\"},\"wordCount\":201,\"image\":{\"@id\":\"https:\\\/\\\/umg.ch\\\/de\\\/courir-pour-hugo-une-nouvelle-annee-un-nouveau-record\\\/#primaryimage\"},\"thumbnailUrl\":\"https:\\\/\\\/umg.ch\\\/wp-content\\\/uploads\\\/2026\\\/09\\\/WhatsApp-Image-2026-08-31-at-8.41.03-AM-2.jpeg\",\"keywords\":[\"D\u00e9fi des Marais\",\"Roule Pour Hugo\"],\"articleSection\":[\"Actualit\u00e9s\",\"Ev\u00e9nements\"],\"inLanguage\":\"de\"},{\"@type\":\"WebPage\",\"@id\":\"https:\\\/\\\/umg.ch\\\/de\\\/courir-pour-hugo-une-nouvelle-annee-un-nouveau-record\\\/\",\"url\":\"https:\\\/\\\/umg.ch\\\/de\\\/courir-pour-hugo-une-nouvelle-annee-un-nouveau-record\\\/\",\"name\":\"Le D\u00e9fi des Marais : une nouvelle ann\u00e9e, un nouveau record ! - Union Mara\u00eech\u00e8re de Gen\u00e8ve\",\"isPartOf\":{\"@id\":\"https:\\\/\\\/umg.ch\\\/de\\\/#website\"},\"primaryImageOfPage\":{\"@id\":\"https:\\\/\\\/umg.ch\\\/de\\\/courir-pour-hugo-une-nouvelle-annee-un-nouveau-record\\\/#primaryimage\"},\"image\":{\"@id\":\"https:\\\/\\\/umg.ch\\\/de\\\/courir-pour-hugo-une-nouvelle-annee-un-nouveau-record\\\/#primaryimage\"},\"thumbnailUrl\":\"https:\\\/\\\/umg.ch\\\/wp-content\\\/uploads\\\/2026\\\/09\\\/WhatsApp-Image-2026-08-31-at-8.41.03-AM-2.jpeg\",\"datePublished\":\"2026-09-03T08:35:28+00:00\",\"dateModified\":\"2026-09-03T08:36:30+00:00\",\"author\":{\"@id\":\"https:\\\/\\\/umg.ch\\\/de\\\/#\\\/schema\\\/person\\\/cada3fd4465ba52936f2ff0c14314ad6\"},\"breadcrumb\":{\"@id\":\"https:\\\/\\\/umg.ch\\\/de\\\/courir-pour-hugo-une-nouvelle-annee-un-nouveau-record\\\/#breadcrumb\"},\"inLanguage\":\"de\",\"potentialAction\":[{\"@type\":\"ReadAction\",\"target\":[\"https:\\\/\\\/umg.ch\\\/de\\\/courir-pour-hugo-une-nouvelle-annee-un-nouveau-record\\\/\"]}]},{\"@type\":\"ImageObject\",\"inLanguage\":\"de\",\"@id\":\"https:\\\/\\\/umg.ch\\\/de\\\/courir-pour-hugo-une-nouvelle-annee-un-nouveau-record\\\/#primaryimage\",\"url\":\"https:\\\/\\\/umg.ch\\\/wp-content\\\/uploads\\\/2026\\\/09\\\/WhatsApp-Image-2026-08-31-at-8.41.03-AM-2.jpeg\",\"contentUrl\":\"https:\\\/\\\/umg.ch\\\/wp-content\\\/uploads\\\/2026\\\/09\\\/WhatsApp-Image-2026-08-31-at-8.41.03-AM-2.jpeg\",\"width\":1200,\"height\":1600},{\"@type\":\"BreadcrumbList\",\"@id\":\"https:\\\/\\\/umg.ch\\\/de\\\/courir-pour-hugo-une-nouvelle-annee-un-nouveau-record\\\/#breadcrumb\",\"itemListElement\":[{\"@type\":\"ListItem\",\"position\":1,\"name\":\"Startseite\",\"item\":\"https:\\\/\\\/umg.ch\\\/de\\\/\"},{\"@type\":\"ListItem\",\"position\":2,\"name\":\"Le D\u00e9fi des Marais : une nouvelle ann\u00e9e, un nouveau record !\"}]},{\"@type\":\"WebSite\",\"@id\":\"https:\\\/\\\/umg.ch\\\/de\\\/#website\",\"url\":\"https:\\\/\\\/umg.ch\\\/de\\\/\",\"name\":\"Union Mara\u00eech\u00e8re de Gen\u00e8ve\",\"description\":\"Un terroir et des hommes\",\"potentialAction\":[{\"@type\":\"SearchAction\",\"target\":{\"@type\":\"EntryPoint\",\"urlTemplate\":\"https:\\\/\\\/umg.ch\\\/de\\\/?s={search_term_string}\"},\"query-input\":{\"@type\":\"PropertyValueSpecification\",\"valueRequired\":true,\"valueName\":\"search_term_string\"}}],\"inLanguage\":\"de\"},{\"@type\":\"Person\",\"@id\":\"https:\\\/\\\/umg.ch\\\/de\\\/#\\\/schema\\\/person\\\/cada3fd4465ba52936f2ff0c14314ad6\",\"name\":\"Aur\u00e9lien Picaud\",\"image\":{\"@type\":\"ImageObject\",\"inLanguage\":\"de\",\"@id\":\"https:\\\/\\\/secure.gravatar.com\\\/avatar\\\/404f0c8c1b5a5e3d478363d3264c05c4e8927c278998cb16f8049d97c627cdf1?s=96&d=mm&r=g\",\"url\":\"https:\\\/\\\/secure.gravatar.com\\\/avatar\\\/404f0c8c1b5a5e3d478363d3264c05c4e8927c278998cb16f8049d97c627cdf1?s=96&d=mm&r=g\",\"contentUrl\":\"https:\\\/\\\/secure.gravatar.com\\\/avatar\\\/404f0c8c1b5a5e3d478363d3264c05c4e8927c278998cb16f8049d97c627cdf1?s=96&d=mm&r=g\",\"caption\":\"Aur\u00e9lien Picaud\"},\"url\":\"https:\\\/\\\/umg.ch\\\/de\\\/author\\\/apicaud\\\/\"}]}<\/script>\n<!-- \/ Yoast SEO plugin. -->","yoast_head_json":{"title":"Le D\u00e9fi des Marais : une nouvelle ann\u00e9e, un nouveau record ! - Union Mara\u00eech\u00e8re de Gen\u00e8ve","robots":{"index":"index","follow":"follow","max-snippet":"max-snippet:-1","max-image-preview":"max-image-preview:large","max-video-preview":"max-video-preview:-1"},"canonical":"https:\/\/umg.ch\/de\/courir-pour-hugo-une-nouvelle-annee-un-nouveau-record\/","og_locale":"de_DE","og_type":"article","og_title":"Le D\u00e9fi des Marais : une nouvelle ann\u00e9e, un nouveau record ! - Union Mara\u00eech\u00e8re de Gen\u00e8ve","og_description":"Cette ann\u00e9e encore, l&#8217;Union Mara\u00eech\u00e8re de Gen\u00e8ve a soutenu le D\u00e9fi des Marais comme sponsor officiel. L&#8217;association Roule pour Hugo organise cet \u00e9v\u00e9nement. Et une fois de plus, c&#8217;est un [&hellip;]","og_url":"https:\/\/umg.ch\/de\/courir-pour-hugo-une-nouvelle-annee-un-nouveau-record\/","og_site_name":"Union Mara\u00eech\u00e8re de Gen\u00e8ve","article_published_time":"2026-09-03T08:35:28+00:00","article_modified_time":"2026-09-03T08:36:30+00:00","og_image":[{"width":1200,"height":1600,"url":"https:\/\/umg.ch\/wp-content\/uploads\/2026\/09\/WhatsApp-Image-2026-08-31-at-8.41.03-AM-2.jpeg","type":"image\/jpeg"}],"author":"Aur\u00e9lien Picaud","twitter_card":"summary_large_image","twitter_misc":{"Verfasst von":"Aur\u00e9lien Picaud","Gesch\u00e4tzte Lesezeit":"2\u00a0Minuten"},"schema":{"@context":"https:\/\/schema.org","@graph":[{"@type":"Article","@id":"https:\/\/umg.ch\/de\/courir-pour-hugo-une-nouvelle-annee-un-nouveau-record\/#article","isPartOf":{"@id":"https:\/\/umg.ch\/de\/courir-pour-hugo-une-nouvelle-annee-un-nouveau-record\/"},"author":{"name":"Aur\u00e9lien Picaud","@id":"https:\/\/umg.ch\/de\/#\/schema\/person\/cada3fd4465ba52936f2ff0c14314ad6"},"headline":"Le D\u00e9fi des Marais : une nouvelle ann\u00e9e, un nouveau record !","datePublished":"2026-09-03T08:35:28+00:00","dateModified":"2026-09-03T08:36:30+00:00","mainEntityOfPage":{"@id":"https:\/\/umg.ch\/de\/courir-pour-hugo-une-nouvelle-annee-un-nouveau-record\/"},"wordCount":201,"image":{"@id":"https:\/\/umg.ch\/de\/courir-pour-hugo-une-nouvelle-annee-un-nouveau-record\/#primaryimage"},"thumbnailUrl":"https:\/\/umg.ch\/wp-content\/uploads\/2026\/09\/WhatsApp-Image-2026-08-31-at-8.41.03-AM-2.jpeg","keywords":["D\u00e9fi des Marais","Roule Pour Hugo"],"articleSection":["Actualit\u00e9s","Ev\u00e9nements"],"inLanguage":"de"},{"@type":"WebPage","@id":"https:\/\/umg.ch\/de\/courir-pour-hugo-une-nouvelle-annee-un-nouveau-record\/","url":"https:\/\/umg.ch\/de\/courir-pour-hugo-une-nouvelle-annee-un-nouveau-record\/","name":"Le D\u00e9fi des Marais : une nouvelle ann\u00e9e, un nouveau record ! - Union Mara\u00eech\u00e8re de Gen\u00e8ve","isPartOf":{"@id":"https:\/\/umg.ch\/de\/#website"},"primaryImageOfPage":{"@id":"https:\/\/umg.ch\/de\/courir-pour-hugo-une-nouvelle-annee-un-nouveau-record\/#primaryimage"},"image":{"@id":"https:\/\/umg.ch\/de\/courir-pour-hugo-une-nouvelle-annee-un-nouveau-record\/#primaryimage"},"thumbnailUrl":"https:\/\/umg.ch\/wp-content\/uploads\/2026\/09\/WhatsApp-Image-2026-08-31-at-8.41.03-AM-2.jpeg","datePublished":"2026-09-03T08:35:28+00:00","dateModified":"2026-09-03T08:36:30+00:00","author":{"@id":"https:\/\/umg.ch\/de\/#\/schema\/person\/cada3fd4465ba52936f2ff0c14314ad6"},"breadcrumb":{"@id":"https:\/\/umg.ch\/de\/courir-pour-hugo-une-nouvelle-annee-un-nouveau-record\/#breadcrumb"},"inLanguage":"de","potentialAction":[{"@type":"ReadAction","target":["https:\/\/umg.ch\/de\/courir-pour-hugo-une-nouvelle-annee-un-nouveau-record\/"]}]},{"@type":"ImageObject","inLanguage":"de","@id":"https:\/\/umg.ch\/de\/courir-pour-hugo-une-nouvelle-annee-un-nouveau-record\/#primaryimage","url":"https:\/\/umg.ch\/wp-content\/uploads\/2026\/09\/WhatsApp-Image-2026-08-31-at-8.41.03-AM-2.jpeg","contentUrl":"https:\/\/umg.ch\/wp-content\/uploads\/2026\/09\/WhatsApp-Image-2026-08-31-at-8.41.03-AM-2.jpeg","width":1200,"height":1600},{"@type":"BreadcrumbList","@id":"https:\/\/umg.ch\/de\/courir-pour-hugo-une-nouvelle-annee-un-nouveau-record\/#breadcrumb","itemListElement":[{"@type":"ListItem","position":1,"name":"Startseite","item":"https:\/\/umg.ch\/de\/"},{"@type":"ListItem","position":2,"name":"Le D\u00e9fi des Marais : une nouvelle ann\u00e9e, un nouveau record !"}]},{"@type":"WebSite","@id":"https:\/\/umg.ch\/de\/#website","url":"https:\/\/umg.ch\/de\/","name":"Union Mara\u00eech\u00e8re de Gen\u00e8ve","description":"Un terroir et des hommes","potentialAction":[{"@type":"SearchAction","target":{"@type":"EntryPoint","urlTemplate":"https:\/\/umg.ch\/de\/?s={search_term_string}"},"query-input":{"@type":"PropertyValueSpecification","valueRequired":true,"valueName":"search_term_string"}}],"inLanguage":"de"},{"@type":"Person","@id":"https:\/\/umg.ch\/de\/#\/schema\/person\/cada3fd4465ba52936f2ff0c14314ad6","name":"Aur\u00e9lien Picaud","image":{"@type":"ImageObject","inLanguage":"de","@id":"https:\/\/secure.gravatar.com\/avatar\/404f0c8c1b5a5e3d478363d3264c05c4e8927c278998cb16f8049d97c627cdf1?s=96&d=mm&r=g","url":"https:\/\/secure.gravatar.com\/avatar\/404f0c8c1b5a5e3d478363d3264c05c4e8927c278998cb16f8049d97c627cdf1?s=96&d=mm&r=g","contentUrl":"https:\/\/secure.gravatar.com\/avatar\/404f0c8c1b5a5e3d478363d3264c05c4e8927c278998cb16f8049d97c627cdf1?s=96&d=mm&r=g","caption":"Aur\u00e9lien Picaud"},"url":"https:\/\/umg.ch\/de\/author\/apicaud\/"}]}},"_links":{"self":[{"href":"https:\/\/umg.ch\/de\/wp-json\/wp\/v2\/posts\/6291","targetHints":{"allow":["GET"]}}],"collection":[{"href":"https:\/\/umg.ch\/de\/wp-json\/wp\/v2\/posts"}],"about":[{"href":"https:\/\/umg.ch\/de\/wp-json\/wp\/v2\/types\/post"}],"author":[{"embeddable":true,"href":"https:\/\/umg.ch\/de\/wp-json\/wp\/v2\/users\/3"}],"replies":[{"embeddable":true,"href":"https:\/\/umg.ch\/de\/wp-json\/wp\/v2\/comments?post=6291"}],"version-history":[{"count":4,"href":"https:\/\/umg.ch\/de\/wp-json\/wp\/v2\/posts\/6291\/revisions"}],"predecessor-version":[{"id":6309,"href":"https:\/\/umg.ch\/de\/wp-json\/wp\/v2\/posts\/6291\/revisions\/6309"}],"wp:featuredmedia":[{"embeddable":true,"href":"https:\/\/umg.ch\/de\/wp-json\/wp\/v2\/media\/6302"}],"wp:attachment":[{"href":"https:\/\/umg.ch\/de\/wp-json\/wp\/v2\/media?parent=6291"}],"wp:term":[{"taxonomy":"category","embeddable":true,"href":"https:\/\/umg.ch\/de\/wp-json\/wp\/v2\/categories?post=6291"},{"taxonomy":"post_tag","embeddable":true,"href":"https:\/\/umg.ch\/de\/wp-json\/wp\/v2\/tags?post=6291"}],"curies":[{"name":"wp","href":"https:\/\/api.w.org\/{rel}","templated":true}]}}