{"id":4954,"date":"2024-10-22T15:49:52","date_gmt":"2024-10-22T13:49:52","guid":{"rendered":"https:\/\/umg.ch\/?p=4954"},"modified":"2024-10-22T15:49:53","modified_gmt":"2024-10-22T13:49:53","slug":"rendez-vous-avec","status":"publish","type":"post","link":"https:\/\/umg.ch\/de\/rendez-vous-avec\/","title":{"rendered":"Rendez-vous avec &#8230;"},"content":{"rendered":"\n<p>L&#8217;\u00e9mission &#8222;BeToB&#8220;, pr\u00e9sent\u00e9e par Ludovic Pirazzoli et Fr\u00e9d\u00e9ric Leli\u00e8vre, a pour invit\u00e9 notre Directeur, M.Patry.<\/p>\n\n\n\n<p>L&#8217;interview se divise en trois parties : le portrait, l&#8217;entreprise, puis le c\u00e9l\u00e8bre questionnaire de Proust.<\/p>\n\n\n\n<p>Au cours de ces \u00e9changes, M. Patry met en lumi\u00e8re les valeurs fondamentales qui animent notre coop\u00e9rative et nos magasins. Il aborde \u00e9galement le r\u00f4le essentiel de l&#8217;UMG aupr\u00e8s des consommateurs, soulignant l&#8217;importance de la communication entre le milieu urbain et celui de la campagne. <\/p>\n\n\n\n<p>Je vous invite \u00e0 d\u00e9couvrir la suite par vous-m\u00eame via le lien suivant\u00a0 :<\/p>\n\n\n\n<p><a href=\"https:\/\/carac.tv\/replay\/be-to-b\/1960\">https:\/\/carac.tv\/replay\/be-to-b\/1960<\/a><\/p>\n\n\n\n<figure class=\"wp-block-image size-full is-resized\"><img loading=\"lazy\" decoding=\"async\" width=\"640\" height=\"369\" src=\"https:\/\/umg.ch\/wp-content\/uploads\/2024\/10\/Capture-decran-2024-10-22-a-15.25.18-1.png\" alt=\"\" class=\"wp-image-4957\" style=\"width:658px;height:auto\" srcset=\"https:\/\/umg.ch\/wp-content\/uploads\/2024\/10\/Capture-decran-2024-10-22-a-15.25.18-1.png 640w, https:\/\/umg.ch\/wp-content\/uploads\/2024\/10\/Capture-decran-2024-10-22-a-15.25.18-1-600x346.png 600w\" sizes=\"auto, (max-width: 640px) 100vw, 640px\" \/><\/figure>\n","protected":false},"excerpt":{"rendered":"<p>L&#8217;\u00e9mission &#8222;BeToB&#8220;, pr\u00e9sent\u00e9e par Ludovic Pirazzoli et Fr\u00e9d\u00e9ric Leli\u00e8vre, a pour invit\u00e9 notre Directeur, M.Patry. L&#8217;interview se divise en trois parties : le portrait, l&#8217;entreprise, puis le c\u00e9l\u00e8bre questionnaire de [&hellip;]<\/p>\n","protected":false},"author":3,"featured_media":4955,"comment_status":"closed","ping_status":"closed","sticky":false,"template":"","format":"standard","meta":{"_acf_changed":false,"inline_featured_image":false,"footnotes":""},"categories":[3,94],"tags":[97,99,95,96],"class_list":["post-4954","post","type-post","status-publish","format-standard","has-post-thumbnail","hentry","category-actualites","category-rendez-vous-avec","tag-betob","tag-carac-tv","tag-interview","tag-union-maraichere-de-geneve"],"acf":[],"yoast_head":"<!-- This site is optimized with the Yoast SEO plugin v27.4 - https:\/\/yoast.com\/product\/yoast-seo-wordpress\/ -->\n<title>Rendez-vous avec ... - Union Mara\u00eech\u00e8re de Gen\u00e8ve<\/title>\n<meta name=\"robots\" content=\"index, follow, max-snippet:-1, max-image-preview:large, max-video-preview:-1\" \/>\n<link rel=\"canonical\" href=\"https:\/\/umg.ch\/de\/rendez-vous-avec\/\" \/>\n<meta property=\"og:locale\" content=\"de_DE\" \/>\n<meta property=\"og:type\" content=\"article\" \/>\n<meta property=\"og:title\" content=\"Rendez-vous avec ... - Union Mara\u00eech\u00e8re de Gen\u00e8ve\" \/>\n<meta property=\"og:description\" content=\"L&#8217;\u00e9mission &#8222;BeToB&#8220;, pr\u00e9sent\u00e9e par Ludovic Pirazzoli et Fr\u00e9d\u00e9ric Leli\u00e8vre, a pour invit\u00e9 notre Directeur, M.Patry. L&#8217;interview se divise en trois parties : le portrait, l&#8217;entreprise, puis le c\u00e9l\u00e8bre questionnaire de [&hellip;]\" \/>\n<meta property=\"og:url\" content=\"https:\/\/umg.ch\/de\/rendez-vous-avec\/\" \/>\n<meta property=\"og:site_name\" content=\"Union Mara\u00eech\u00e8re de Gen\u00e8ve\" \/>\n<meta property=\"article:published_time\" content=\"2024-10-22T13:49:52+00:00\" \/>\n<meta property=\"article:modified_time\" content=\"2024-10-22T13:49:53+00:00\" \/>\n<meta property=\"og:image\" content=\"https:\/\/umg.ch\/wp-content\/uploads\/2024\/10\/Capture-decran-2024-10-22-a-15.25.18.png\" \/>\n\t<meta property=\"og:image:width\" content=\"640\" \/>\n\t<meta property=\"og:image:height\" content=\"369\" \/>\n\t<meta property=\"og:image:type\" content=\"image\/png\" \/>\n<meta name=\"author\" content=\"Aur\u00e9lien Picaud\" \/>\n<meta name=\"twitter:card\" content=\"summary_large_image\" \/>\n<meta name=\"twitter:label1\" content=\"Verfasst von\" \/>\n\t<meta name=\"twitter:data1\" content=\"Aur\u00e9lien Picaud\" \/>\n\t<meta name=\"twitter:label2\" content=\"Gesch\u00e4tzte Lesezeit\" \/>\n\t<meta name=\"twitter:data2\" content=\"1\u00a0Minute\" \/>\n<script type=\"application\/ld+json\" class=\"yoast-schema-graph\">{\"@context\":\"https:\\\/\\\/schema.org\",\"@graph\":[{\"@type\":\"Article\",\"@id\":\"https:\\\/\\\/umg.ch\\\/de\\\/rendez-vous-avec\\\/#article\",\"isPartOf\":{\"@id\":\"https:\\\/\\\/umg.ch\\\/de\\\/rendez-vous-avec\\\/\"},\"author\":{\"name\":\"Aur\u00e9lien Picaud\",\"@id\":\"https:\\\/\\\/umg.ch\\\/de\\\/#\\\/schema\\\/person\\\/cada3fd4465ba52936f2ff0c14314ad6\"},\"headline\":\"Rendez-vous avec &#8230;\",\"datePublished\":\"2024-10-22T13:49:52+00:00\",\"dateModified\":\"2024-10-22T13:49:53+00:00\",\"mainEntityOfPage\":{\"@id\":\"https:\\\/\\\/umg.ch\\\/de\\\/rendez-vous-avec\\\/\"},\"wordCount\":113,\"image\":{\"@id\":\"https:\\\/\\\/umg.ch\\\/de\\\/rendez-vous-avec\\\/#primaryimage\"},\"thumbnailUrl\":\"https:\\\/\\\/umg.ch\\\/wp-content\\\/uploads\\\/2024\\\/10\\\/Capture-decran-2024-10-22-a-15.25.18.png\",\"keywords\":[\"BeToB\",\"Carac TV\",\"Interview\",\"Union Maraich\u00e8re de Gen\u00e8ve\"],\"articleSection\":[\"Actualit\u00e9s\",\"Rendez-vous avec ...\"],\"inLanguage\":\"de\"},{\"@type\":\"WebPage\",\"@id\":\"https:\\\/\\\/umg.ch\\\/de\\\/rendez-vous-avec\\\/\",\"url\":\"https:\\\/\\\/umg.ch\\\/de\\\/rendez-vous-avec\\\/\",\"name\":\"Rendez-vous avec ... - Union Mara\u00eech\u00e8re de Gen\u00e8ve\",\"isPartOf\":{\"@id\":\"https:\\\/\\\/umg.ch\\\/de\\\/#website\"},\"primaryImageOfPage\":{\"@id\":\"https:\\\/\\\/umg.ch\\\/de\\\/rendez-vous-avec\\\/#primaryimage\"},\"image\":{\"@id\":\"https:\\\/\\\/umg.ch\\\/de\\\/rendez-vous-avec\\\/#primaryimage\"},\"thumbnailUrl\":\"https:\\\/\\\/umg.ch\\\/wp-content\\\/uploads\\\/2024\\\/10\\\/Capture-decran-2024-10-22-a-15.25.18.png\",\"datePublished\":\"2024-10-22T13:49:52+00:00\",\"dateModified\":\"2024-10-22T13:49:53+00:00\",\"author\":{\"@id\":\"https:\\\/\\\/umg.ch\\\/de\\\/#\\\/schema\\\/person\\\/cada3fd4465ba52936f2ff0c14314ad6\"},\"breadcrumb\":{\"@id\":\"https:\\\/\\\/umg.ch\\\/de\\\/rendez-vous-avec\\\/#breadcrumb\"},\"inLanguage\":\"de\",\"potentialAction\":[{\"@type\":\"ReadAction\",\"target\":[\"https:\\\/\\\/umg.ch\\\/de\\\/rendez-vous-avec\\\/\"]}]},{\"@type\":\"ImageObject\",\"inLanguage\":\"de\",\"@id\":\"https:\\\/\\\/umg.ch\\\/de\\\/rendez-vous-avec\\\/#primaryimage\",\"url\":\"https:\\\/\\\/umg.ch\\\/wp-content\\\/uploads\\\/2024\\\/10\\\/Capture-decran-2024-10-22-a-15.25.18.png\",\"contentUrl\":\"https:\\\/\\\/umg.ch\\\/wp-content\\\/uploads\\\/2024\\\/10\\\/Capture-decran-2024-10-22-a-15.25.18.png\",\"width\":640,\"height\":369},{\"@type\":\"BreadcrumbList\",\"@id\":\"https:\\\/\\\/umg.ch\\\/de\\\/rendez-vous-avec\\\/#breadcrumb\",\"itemListElement\":[{\"@type\":\"ListItem\",\"position\":1,\"name\":\"Startseite\",\"item\":\"https:\\\/\\\/umg.ch\\\/de\\\/\"},{\"@type\":\"ListItem\",\"position\":2,\"name\":\"Rendez-vous avec &#8230;\"}]},{\"@type\":\"WebSite\",\"@id\":\"https:\\\/\\\/umg.ch\\\/de\\\/#website\",\"url\":\"https:\\\/\\\/umg.ch\\\/de\\\/\",\"name\":\"Union Mara\u00eech\u00e8re de Gen\u00e8ve\",\"description\":\"Un terroir et des hommes\",\"potentialAction\":[{\"@type\":\"SearchAction\",\"target\":{\"@type\":\"EntryPoint\",\"urlTemplate\":\"https:\\\/\\\/umg.ch\\\/de\\\/?s={search_term_string}\"},\"query-input\":{\"@type\":\"PropertyValueSpecification\",\"valueRequired\":true,\"valueName\":\"search_term_string\"}}],\"inLanguage\":\"de\"},{\"@type\":\"Person\",\"@id\":\"https:\\\/\\\/umg.ch\\\/de\\\/#\\\/schema\\\/person\\\/cada3fd4465ba52936f2ff0c14314ad6\",\"name\":\"Aur\u00e9lien Picaud\",\"image\":{\"@type\":\"ImageObject\",\"inLanguage\":\"de\",\"@id\":\"https:\\\/\\\/secure.gravatar.com\\\/avatar\\\/404f0c8c1b5a5e3d478363d3264c05c4e8927c278998cb16f8049d97c627cdf1?s=96&d=mm&r=g\",\"url\":\"https:\\\/\\\/secure.gravatar.com\\\/avatar\\\/404f0c8c1b5a5e3d478363d3264c05c4e8927c278998cb16f8049d97c627cdf1?s=96&d=mm&r=g\",\"contentUrl\":\"https:\\\/\\\/secure.gravatar.com\\\/avatar\\\/404f0c8c1b5a5e3d478363d3264c05c4e8927c278998cb16f8049d97c627cdf1?s=96&d=mm&r=g\",\"caption\":\"Aur\u00e9lien Picaud\"},\"url\":\"https:\\\/\\\/umg.ch\\\/de\\\/author\\\/apicaud\\\/\"}]}<\/script>\n<!-- \/ Yoast SEO plugin. -->","yoast_head_json":{"title":"Rendez-vous avec ... - Union Mara\u00eech\u00e8re de Gen\u00e8ve","robots":{"index":"index","follow":"follow","max-snippet":"max-snippet:-1","max-image-preview":"max-image-preview:large","max-video-preview":"max-video-preview:-1"},"canonical":"https:\/\/umg.ch\/de\/rendez-vous-avec\/","og_locale":"de_DE","og_type":"article","og_title":"Rendez-vous avec ... - Union Mara\u00eech\u00e8re de Gen\u00e8ve","og_description":"L&#8217;\u00e9mission &#8222;BeToB&#8220;, pr\u00e9sent\u00e9e par Ludovic Pirazzoli et Fr\u00e9d\u00e9ric Leli\u00e8vre, a pour invit\u00e9 notre Directeur, M.Patry. L&#8217;interview se divise en trois parties : le portrait, l&#8217;entreprise, puis le c\u00e9l\u00e8bre questionnaire de [&hellip;]","og_url":"https:\/\/umg.ch\/de\/rendez-vous-avec\/","og_site_name":"Union Mara\u00eech\u00e8re de Gen\u00e8ve","article_published_time":"2024-10-22T13:49:52+00:00","article_modified_time":"2024-10-22T13:49:53+00:00","og_image":[{"width":640,"height":369,"url":"https:\/\/umg.ch\/wp-content\/uploads\/2024\/10\/Capture-decran-2024-10-22-a-15.25.18.png","type":"image\/png"}],"author":"Aur\u00e9lien Picaud","twitter_card":"summary_large_image","twitter_misc":{"Verfasst von":"Aur\u00e9lien Picaud","Gesch\u00e4tzte Lesezeit":"1\u00a0Minute"},"schema":{"@context":"https:\/\/schema.org","@graph":[{"@type":"Article","@id":"https:\/\/umg.ch\/de\/rendez-vous-avec\/#article","isPartOf":{"@id":"https:\/\/umg.ch\/de\/rendez-vous-avec\/"},"author":{"name":"Aur\u00e9lien Picaud","@id":"https:\/\/umg.ch\/de\/#\/schema\/person\/cada3fd4465ba52936f2ff0c14314ad6"},"headline":"Rendez-vous avec &#8230;","datePublished":"2024-10-22T13:49:52+00:00","dateModified":"2024-10-22T13:49:53+00:00","mainEntityOfPage":{"@id":"https:\/\/umg.ch\/de\/rendez-vous-avec\/"},"wordCount":113,"image":{"@id":"https:\/\/umg.ch\/de\/rendez-vous-avec\/#primaryimage"},"thumbnailUrl":"https:\/\/umg.ch\/wp-content\/uploads\/2024\/10\/Capture-decran-2024-10-22-a-15.25.18.png","keywords":["BeToB","Carac TV","Interview","Union Maraich\u00e8re de Gen\u00e8ve"],"articleSection":["Actualit\u00e9s","Rendez-vous avec ..."],"inLanguage":"de"},{"@type":"WebPage","@id":"https:\/\/umg.ch\/de\/rendez-vous-avec\/","url":"https:\/\/umg.ch\/de\/rendez-vous-avec\/","name":"Rendez-vous avec ... - Union Mara\u00eech\u00e8re de Gen\u00e8ve","isPartOf":{"@id":"https:\/\/umg.ch\/de\/#website"},"primaryImageOfPage":{"@id":"https:\/\/umg.ch\/de\/rendez-vous-avec\/#primaryimage"},"image":{"@id":"https:\/\/umg.ch\/de\/rendez-vous-avec\/#primaryimage"},"thumbnailUrl":"https:\/\/umg.ch\/wp-content\/uploads\/2024\/10\/Capture-decran-2024-10-22-a-15.25.18.png","datePublished":"2024-10-22T13:49:52+00:00","dateModified":"2024-10-22T13:49:53+00:00","author":{"@id":"https:\/\/umg.ch\/de\/#\/schema\/person\/cada3fd4465ba52936f2ff0c14314ad6"},"breadcrumb":{"@id":"https:\/\/umg.ch\/de\/rendez-vous-avec\/#breadcrumb"},"inLanguage":"de","potentialAction":[{"@type":"ReadAction","target":["https:\/\/umg.ch\/de\/rendez-vous-avec\/"]}]},{"@type":"ImageObject","inLanguage":"de","@id":"https:\/\/umg.ch\/de\/rendez-vous-avec\/#primaryimage","url":"https:\/\/umg.ch\/wp-content\/uploads\/2024\/10\/Capture-decran-2024-10-22-a-15.25.18.png","contentUrl":"https:\/\/umg.ch\/wp-content\/uploads\/2024\/10\/Capture-decran-2024-10-22-a-15.25.18.png","width":640,"height":369},{"@type":"BreadcrumbList","@id":"https:\/\/umg.ch\/de\/rendez-vous-avec\/#breadcrumb","itemListElement":[{"@type":"ListItem","position":1,"name":"Startseite","item":"https:\/\/umg.ch\/de\/"},{"@type":"ListItem","position":2,"name":"Rendez-vous avec &#8230;"}]},{"@type":"WebSite","@id":"https:\/\/umg.ch\/de\/#website","url":"https:\/\/umg.ch\/de\/","name":"Union Mara\u00eech\u00e8re de Gen\u00e8ve","description":"Un terroir et des hommes","potentialAction":[{"@type":"SearchAction","target":{"@type":"EntryPoint","urlTemplate":"https:\/\/umg.ch\/de\/?s={search_term_string}"},"query-input":{"@type":"PropertyValueSpecification","valueRequired":true,"valueName":"search_term_string"}}],"inLanguage":"de"},{"@type":"Person","@id":"https:\/\/umg.ch\/de\/#\/schema\/person\/cada3fd4465ba52936f2ff0c14314ad6","name":"Aur\u00e9lien Picaud","image":{"@type":"ImageObject","inLanguage":"de","@id":"https:\/\/secure.gravatar.com\/avatar\/404f0c8c1b5a5e3d478363d3264c05c4e8927c278998cb16f8049d97c627cdf1?s=96&d=mm&r=g","url":"https:\/\/secure.gravatar.com\/avatar\/404f0c8c1b5a5e3d478363d3264c05c4e8927c278998cb16f8049d97c627cdf1?s=96&d=mm&r=g","contentUrl":"https:\/\/secure.gravatar.com\/avatar\/404f0c8c1b5a5e3d478363d3264c05c4e8927c278998cb16f8049d97c627cdf1?s=96&d=mm&r=g","caption":"Aur\u00e9lien Picaud"},"url":"https:\/\/umg.ch\/de\/author\/apicaud\/"}]}},"_links":{"self":[{"href":"https:\/\/umg.ch\/de\/wp-json\/wp\/v2\/posts\/4954","targetHints":{"allow":["GET"]}}],"collection":[{"href":"https:\/\/umg.ch\/de\/wp-json\/wp\/v2\/posts"}],"about":[{"href":"https:\/\/umg.ch\/de\/wp-json\/wp\/v2\/types\/post"}],"author":[{"embeddable":true,"href":"https:\/\/umg.ch\/de\/wp-json\/wp\/v2\/users\/3"}],"replies":[{"embeddable":true,"href":"https:\/\/umg.ch\/de\/wp-json\/wp\/v2\/comments?post=4954"}],"version-history":[{"count":3,"href":"https:\/\/umg.ch\/de\/wp-json\/wp\/v2\/posts\/4954\/revisions"}],"predecessor-version":[{"id":4961,"href":"https:\/\/umg.ch\/de\/wp-json\/wp\/v2\/posts\/4954\/revisions\/4961"}],"wp:featuredmedia":[{"embeddable":true,"href":"https:\/\/umg.ch\/de\/wp-json\/wp\/v2\/media\/4955"}],"wp:attachment":[{"href":"https:\/\/umg.ch\/de\/wp-json\/wp\/v2\/media?parent=4954"}],"wp:term":[{"taxonomy":"category","embeddable":true,"href":"https:\/\/umg.ch\/de\/wp-json\/wp\/v2\/categories?post=4954"},{"taxonomy":"post_tag","embeddable":true,"href":"https:\/\/umg.ch\/de\/wp-json\/wp\/v2\/tags?post=4954"}],"curies":[{"name":"wp","href":"https:\/\/api.w.org\/{rel}","templated":true}]}}