{"id":4920,"date":"2024-10-22T11:07:50","date_gmt":"2024-10-22T09:07:50","guid":{"rendered":"https:\/\/umg.ch\/?p=4920"},"modified":"2024-10-22T11:07:55","modified_gmt":"2024-10-22T09:07:55","slug":"75eme-anniversaire-remise-des-prix","status":"publish","type":"post","link":"https:\/\/umg.ch\/de\/75eme-anniversaire-remise-des-prix\/","title":{"rendered":"75\u00e8me anniversaire : Remise des prix"},"content":{"rendered":"\n<p>Voici les gagnants ! <\/p>\n\n\n\n<p>Pour clore les festivit\u00e9s de son anniversaire, l&#8217;Union Mara\u00eech\u00e8re de Gen\u00e8ve met \u00e0 l&#8217;honneur les enfants du canton. Un concours artistique, rassemblant plusieurs \u00e9coles genevoises, a \u00e9t\u00e9 organis\u00e9 avec pour objectif la cr\u00e9ation d&#8217;une \u0153uvre de leur choix, repr\u00e9sentant le milieu mara\u00eecher.<\/p>\n\n\n\n<p>Alexandre Cudet, pr\u00e9sident de l&#8217;UMG, \u00e9tait pr\u00e9sent pour f\u00e9liciter et remettre les prix aux classes gagnantes, allant des 1P aux 8P.<\/p>\n\n\n\n<p>Bravo encore \u00e0 tous les \u00e9l\u00e8ves et enseignants ayant particip\u00e9 \u00e0 ce projet exceptionnel.<\/p>\n\n\n\n<figure class=\"wp-block-gallery has-nested-images columns-default is-cropped wp-block-gallery-1 is-layout-flex wp-block-gallery-is-layout-flex\">\n<figure class=\"wp-block-image size-large\"><img loading=\"lazy\" decoding=\"async\" width=\"658\" height=\"1170\" data-id=\"4933\" src=\"https:\/\/umg.ch\/wp-content\/uploads\/2024\/10\/image00018-658x1170.jpeg\" alt=\"\" class=\"wp-image-4933\" srcset=\"https:\/\/umg.ch\/wp-content\/uploads\/2024\/10\/image00018-658x1170.jpeg 658w, https:\/\/umg.ch\/wp-content\/uploads\/2024\/10\/image00018-506x900.jpeg 506w, https:\/\/umg.ch\/wp-content\/uploads\/2024\/10\/image00018-768x1365.jpeg 768w, https:\/\/umg.ch\/wp-content\/uploads\/2024\/10\/image00018-864x1536.jpeg 864w, https:\/\/umg.ch\/wp-content\/uploads\/2024\/10\/image00018-1152x2048.jpeg 1152w, https:\/\/umg.ch\/wp-content\/uploads\/2024\/10\/image00018-scaled.jpeg 1440w\" sizes=\"auto, (max-width: 658px) 100vw, 658px\" \/><\/figure>\n\n\n\n<figure class=\"wp-block-image size-large\"><img loading=\"lazy\" decoding=\"async\" width=\"658\" height=\"1170\" data-id=\"4931\" src=\"https:\/\/umg.ch\/wp-content\/uploads\/2024\/10\/image00015-658x1170.jpeg\" alt=\"\" class=\"wp-image-4931\" srcset=\"https:\/\/umg.ch\/wp-content\/uploads\/2024\/10\/image00015-658x1170.jpeg 658w, https:\/\/umg.ch\/wp-content\/uploads\/2024\/10\/image00015-506x900.jpeg 506w, https:\/\/umg.ch\/wp-content\/uploads\/2024\/10\/image00015-768x1365.jpeg 768w, https:\/\/umg.ch\/wp-content\/uploads\/2024\/10\/image00015-864x1536.jpeg 864w, https:\/\/umg.ch\/wp-content\/uploads\/2024\/10\/image00015-1152x2048.jpeg 1152w, https:\/\/umg.ch\/wp-content\/uploads\/2024\/10\/image00015-scaled.jpeg 1440w\" sizes=\"auto, (max-width: 658px) 100vw, 658px\" \/><\/figure>\n\n\n\n<figure class=\"wp-block-image size-large\"><img loading=\"lazy\" decoding=\"async\" width=\"658\" height=\"1170\" data-id=\"4939\" src=\"https:\/\/umg.ch\/wp-content\/uploads\/2024\/10\/image00031-658x1170.jpeg\" alt=\"\" class=\"wp-image-4939\" srcset=\"https:\/\/umg.ch\/wp-content\/uploads\/2024\/10\/image00031-658x1170.jpeg 658w, https:\/\/umg.ch\/wp-content\/uploads\/2024\/10\/image00031-506x900.jpeg 506w, https:\/\/umg.ch\/wp-content\/uploads\/2024\/10\/image00031-768x1365.jpeg 768w, https:\/\/umg.ch\/wp-content\/uploads\/2024\/10\/image00031-864x1536.jpeg 864w, https:\/\/umg.ch\/wp-content\/uploads\/2024\/10\/image00031-1152x2048.jpeg 1152w, https:\/\/umg.ch\/wp-content\/uploads\/2024\/10\/image00031-scaled.jpeg 1440w\" sizes=\"auto, (max-width: 658px) 100vw, 658px\" \/><\/figure>\n\n\n\n<figure class=\"wp-block-image size-large\"><img loading=\"lazy\" decoding=\"async\" width=\"658\" height=\"1170\" data-id=\"4941\" src=\"https:\/\/umg.ch\/wp-content\/uploads\/2024\/10\/image00037-658x1170.jpeg\" alt=\"\" class=\"wp-image-4941\" srcset=\"https:\/\/umg.ch\/wp-content\/uploads\/2024\/10\/image00037-658x1170.jpeg 658w, https:\/\/umg.ch\/wp-content\/uploads\/2024\/10\/image00037-506x900.jpeg 506w, https:\/\/umg.ch\/wp-content\/uploads\/2024\/10\/image00037-768x1365.jpeg 768w, https:\/\/umg.ch\/wp-content\/uploads\/2024\/10\/image00037-864x1536.jpeg 864w, https:\/\/umg.ch\/wp-content\/uploads\/2024\/10\/image00037-1152x2048.jpeg 1152w, https:\/\/umg.ch\/wp-content\/uploads\/2024\/10\/image00037-scaled.jpeg 1440w\" sizes=\"auto, (max-width: 658px) 100vw, 658px\" \/><\/figure>\n\n\n\n<figure class=\"wp-block-image size-large\"><img loading=\"lazy\" decoding=\"async\" width=\"658\" height=\"1170\" data-id=\"4929\" src=\"https:\/\/umg.ch\/wp-content\/uploads\/2024\/10\/image00013-658x1170.jpeg\" alt=\"\" class=\"wp-image-4929\" srcset=\"https:\/\/umg.ch\/wp-content\/uploads\/2024\/10\/image00013-658x1170.jpeg 658w, https:\/\/umg.ch\/wp-content\/uploads\/2024\/10\/image00013-506x900.jpeg 506w, https:\/\/umg.ch\/wp-content\/uploads\/2024\/10\/image00013-768x1365.jpeg 768w, https:\/\/umg.ch\/wp-content\/uploads\/2024\/10\/image00013-864x1536.jpeg 864w, https:\/\/umg.ch\/wp-content\/uploads\/2024\/10\/image00013-1152x2048.jpeg 1152w, https:\/\/umg.ch\/wp-content\/uploads\/2024\/10\/image00013-scaled.jpeg 1440w\" sizes=\"auto, (max-width: 658px) 100vw, 658px\" \/><\/figure>\n\n\n\n<figure class=\"wp-block-image size-large\"><img loading=\"lazy\" decoding=\"async\" width=\"658\" height=\"1170\" data-id=\"4937\" src=\"https:\/\/umg.ch\/wp-content\/uploads\/2024\/10\/image00027-658x1170.jpeg\" alt=\"\" class=\"wp-image-4937\" srcset=\"https:\/\/umg.ch\/wp-content\/uploads\/2024\/10\/image00027-658x1170.jpeg 658w, https:\/\/umg.ch\/wp-content\/uploads\/2024\/10\/image00027-506x900.jpeg 506w, https:\/\/umg.ch\/wp-content\/uploads\/2024\/10\/image00027-768x1365.jpeg 768w, https:\/\/umg.ch\/wp-content\/uploads\/2024\/10\/image00027-864x1536.jpeg 864w, https:\/\/umg.ch\/wp-content\/uploads\/2024\/10\/image00027-1152x2048.jpeg 1152w, https:\/\/umg.ch\/wp-content\/uploads\/2024\/10\/image00027-scaled.jpeg 1440w\" sizes=\"auto, (max-width: 658px) 100vw, 658px\" \/><\/figure>\n<\/figure>\n","protected":false},"excerpt":{"rendered":"<p>Voici les gagnants ! Pour clore les festivit\u00e9s de son anniversaire, l&#8217;Union Mara\u00eech\u00e8re de Gen\u00e8ve met \u00e0 l&#8217;honneur les enfants du canton. Un concours artistique, rassemblant plusieurs \u00e9coles genevoises, a [&hellip;]<\/p>\n","protected":false},"author":3,"featured_media":4945,"comment_status":"closed","ping_status":"closed","sticky":false,"template":"","format":"standard","meta":{"_acf_changed":false,"inline_featured_image":false,"footnotes":""},"categories":[93],"tags":[],"class_list":["post-4920","post","type-post","status-publish","format-standard","has-post-thumbnail","hentry","category-75eme-anniversaire-de-lumg"],"acf":[],"yoast_head":"<!-- This site is optimized with the Yoast SEO plugin v27.4 - https:\/\/yoast.com\/product\/yoast-seo-wordpress\/ -->\n<title>75\u00e8me anniversaire : Remise des prix - Union Mara\u00eech\u00e8re de Gen\u00e8ve<\/title>\n<meta name=\"robots\" content=\"index, follow, max-snippet:-1, max-image-preview:large, max-video-preview:-1\" \/>\n<link rel=\"canonical\" href=\"https:\/\/umg.ch\/de\/75eme-anniversaire-remise-des-prix\/\" \/>\n<meta property=\"og:locale\" content=\"de_DE\" \/>\n<meta property=\"og:type\" content=\"article\" \/>\n<meta property=\"og:title\" content=\"75\u00e8me anniversaire : Remise des prix - Union Mara\u00eech\u00e8re de Gen\u00e8ve\" \/>\n<meta property=\"og:description\" content=\"Voici les gagnants ! Pour clore les festivit\u00e9s de son anniversaire, l&#8217;Union Mara\u00eech\u00e8re de Gen\u00e8ve met \u00e0 l&#8217;honneur les enfants du canton. Un concours artistique, rassemblant plusieurs \u00e9coles genevoises, a [&hellip;]\" \/>\n<meta property=\"og:url\" content=\"https:\/\/umg.ch\/de\/75eme-anniversaire-remise-des-prix\/\" \/>\n<meta property=\"og:site_name\" content=\"Union Mara\u00eech\u00e8re de Gen\u00e8ve\" \/>\n<meta property=\"article:published_time\" content=\"2024-10-22T09:07:50+00:00\" \/>\n<meta property=\"article:modified_time\" content=\"2024-10-22T09:07:55+00:00\" \/>\n<meta property=\"og:image\" content=\"https:\/\/umg.ch\/wp-content\/uploads\/2024\/10\/image00047-scaled.jpeg\" \/>\n\t<meta property=\"og:image:width\" content=\"1440\" \/>\n\t<meta property=\"og:image:height\" content=\"2560\" \/>\n\t<meta property=\"og:image:type\" content=\"image\/jpeg\" \/>\n<meta name=\"author\" content=\"Aur\u00e9lien Picaud\" \/>\n<meta name=\"twitter:card\" content=\"summary_large_image\" \/>\n<meta name=\"twitter:label1\" content=\"Verfasst von\" \/>\n\t<meta name=\"twitter:data1\" content=\"Aur\u00e9lien Picaud\" \/>\n\t<meta name=\"twitter:label2\" content=\"Gesch\u00e4tzte Lesezeit\" \/>\n\t<meta name=\"twitter:data2\" content=\"2\u00a0Minuten\" \/>\n<script type=\"application\/ld+json\" class=\"yoast-schema-graph\">{\"@context\":\"https:\\\/\\\/schema.org\",\"@graph\":[{\"@type\":\"Article\",\"@id\":\"https:\\\/\\\/umg.ch\\\/de\\\/75eme-anniversaire-remise-des-prix\\\/#article\",\"isPartOf\":{\"@id\":\"https:\\\/\\\/umg.ch\\\/de\\\/75eme-anniversaire-remise-des-prix\\\/\"},\"author\":{\"name\":\"Aur\u00e9lien Picaud\",\"@id\":\"https:\\\/\\\/umg.ch\\\/de\\\/#\\\/schema\\\/person\\\/cada3fd4465ba52936f2ff0c14314ad6\"},\"headline\":\"75\u00e8me anniversaire : Remise des prix\",\"datePublished\":\"2024-10-22T09:07:50+00:00\",\"dateModified\":\"2024-10-22T09:07:55+00:00\",\"mainEntityOfPage\":{\"@id\":\"https:\\\/\\\/umg.ch\\\/de\\\/75eme-anniversaire-remise-des-prix\\\/\"},\"wordCount\":97,\"image\":{\"@id\":\"https:\\\/\\\/umg.ch\\\/de\\\/75eme-anniversaire-remise-des-prix\\\/#primaryimage\"},\"thumbnailUrl\":\"https:\\\/\\\/umg.ch\\\/wp-content\\\/uploads\\\/2024\\\/10\\\/image00047-scaled.jpeg\",\"articleSection\":[\"75\u00e8me Anniversaire de l'UMG\"],\"inLanguage\":\"de\"},{\"@type\":\"WebPage\",\"@id\":\"https:\\\/\\\/umg.ch\\\/de\\\/75eme-anniversaire-remise-des-prix\\\/\",\"url\":\"https:\\\/\\\/umg.ch\\\/de\\\/75eme-anniversaire-remise-des-prix\\\/\",\"name\":\"75\u00e8me anniversaire : Remise des prix - Union Mara\u00eech\u00e8re de Gen\u00e8ve\",\"isPartOf\":{\"@id\":\"https:\\\/\\\/umg.ch\\\/de\\\/#website\"},\"primaryImageOfPage\":{\"@id\":\"https:\\\/\\\/umg.ch\\\/de\\\/75eme-anniversaire-remise-des-prix\\\/#primaryimage\"},\"image\":{\"@id\":\"https:\\\/\\\/umg.ch\\\/de\\\/75eme-anniversaire-remise-des-prix\\\/#primaryimage\"},\"thumbnailUrl\":\"https:\\\/\\\/umg.ch\\\/wp-content\\\/uploads\\\/2024\\\/10\\\/image00047-scaled.jpeg\",\"datePublished\":\"2024-10-22T09:07:50+00:00\",\"dateModified\":\"2024-10-22T09:07:55+00:00\",\"author\":{\"@id\":\"https:\\\/\\\/umg.ch\\\/de\\\/#\\\/schema\\\/person\\\/cada3fd4465ba52936f2ff0c14314ad6\"},\"breadcrumb\":{\"@id\":\"https:\\\/\\\/umg.ch\\\/de\\\/75eme-anniversaire-remise-des-prix\\\/#breadcrumb\"},\"inLanguage\":\"de\",\"potentialAction\":[{\"@type\":\"ReadAction\",\"target\":[\"https:\\\/\\\/umg.ch\\\/de\\\/75eme-anniversaire-remise-des-prix\\\/\"]}]},{\"@type\":\"ImageObject\",\"inLanguage\":\"de\",\"@id\":\"https:\\\/\\\/umg.ch\\\/de\\\/75eme-anniversaire-remise-des-prix\\\/#primaryimage\",\"url\":\"https:\\\/\\\/umg.ch\\\/wp-content\\\/uploads\\\/2024\\\/10\\\/image00047-scaled.jpeg\",\"contentUrl\":\"https:\\\/\\\/umg.ch\\\/wp-content\\\/uploads\\\/2024\\\/10\\\/image00047-scaled.jpeg\",\"width\":1440,\"height\":2560},{\"@type\":\"BreadcrumbList\",\"@id\":\"https:\\\/\\\/umg.ch\\\/de\\\/75eme-anniversaire-remise-des-prix\\\/#breadcrumb\",\"itemListElement\":[{\"@type\":\"ListItem\",\"position\":1,\"name\":\"Startseite\",\"item\":\"https:\\\/\\\/umg.ch\\\/de\\\/\"},{\"@type\":\"ListItem\",\"position\":2,\"name\":\"75\u00e8me anniversaire : Remise des prix\"}]},{\"@type\":\"WebSite\",\"@id\":\"https:\\\/\\\/umg.ch\\\/de\\\/#website\",\"url\":\"https:\\\/\\\/umg.ch\\\/de\\\/\",\"name\":\"Union Mara\u00eech\u00e8re de Gen\u00e8ve\",\"description\":\"Un terroir et des hommes\",\"potentialAction\":[{\"@type\":\"SearchAction\",\"target\":{\"@type\":\"EntryPoint\",\"urlTemplate\":\"https:\\\/\\\/umg.ch\\\/de\\\/?s={search_term_string}\"},\"query-input\":{\"@type\":\"PropertyValueSpecification\",\"valueRequired\":true,\"valueName\":\"search_term_string\"}}],\"inLanguage\":\"de\"},{\"@type\":\"Person\",\"@id\":\"https:\\\/\\\/umg.ch\\\/de\\\/#\\\/schema\\\/person\\\/cada3fd4465ba52936f2ff0c14314ad6\",\"name\":\"Aur\u00e9lien Picaud\",\"image\":{\"@type\":\"ImageObject\",\"inLanguage\":\"de\",\"@id\":\"https:\\\/\\\/secure.gravatar.com\\\/avatar\\\/404f0c8c1b5a5e3d478363d3264c05c4e8927c278998cb16f8049d97c627cdf1?s=96&d=mm&r=g\",\"url\":\"https:\\\/\\\/secure.gravatar.com\\\/avatar\\\/404f0c8c1b5a5e3d478363d3264c05c4e8927c278998cb16f8049d97c627cdf1?s=96&d=mm&r=g\",\"contentUrl\":\"https:\\\/\\\/secure.gravatar.com\\\/avatar\\\/404f0c8c1b5a5e3d478363d3264c05c4e8927c278998cb16f8049d97c627cdf1?s=96&d=mm&r=g\",\"caption\":\"Aur\u00e9lien Picaud\"},\"url\":\"https:\\\/\\\/umg.ch\\\/de\\\/author\\\/apicaud\\\/\"}]}<\/script>\n<!-- \/ Yoast SEO plugin. -->","yoast_head_json":{"title":"75\u00e8me anniversaire : Remise des prix - Union Mara\u00eech\u00e8re de Gen\u00e8ve","robots":{"index":"index","follow":"follow","max-snippet":"max-snippet:-1","max-image-preview":"max-image-preview:large","max-video-preview":"max-video-preview:-1"},"canonical":"https:\/\/umg.ch\/de\/75eme-anniversaire-remise-des-prix\/","og_locale":"de_DE","og_type":"article","og_title":"75\u00e8me anniversaire : Remise des prix - Union Mara\u00eech\u00e8re de Gen\u00e8ve","og_description":"Voici les gagnants ! Pour clore les festivit\u00e9s de son anniversaire, l&#8217;Union Mara\u00eech\u00e8re de Gen\u00e8ve met \u00e0 l&#8217;honneur les enfants du canton. Un concours artistique, rassemblant plusieurs \u00e9coles genevoises, a [&hellip;]","og_url":"https:\/\/umg.ch\/de\/75eme-anniversaire-remise-des-prix\/","og_site_name":"Union Mara\u00eech\u00e8re de Gen\u00e8ve","article_published_time":"2024-10-22T09:07:50+00:00","article_modified_time":"2024-10-22T09:07:55+00:00","og_image":[{"width":1440,"height":2560,"url":"https:\/\/umg.ch\/wp-content\/uploads\/2024\/10\/image00047-scaled.jpeg","type":"image\/jpeg"}],"author":"Aur\u00e9lien Picaud","twitter_card":"summary_large_image","twitter_misc":{"Verfasst von":"Aur\u00e9lien Picaud","Gesch\u00e4tzte Lesezeit":"2\u00a0Minuten"},"schema":{"@context":"https:\/\/schema.org","@graph":[{"@type":"Article","@id":"https:\/\/umg.ch\/de\/75eme-anniversaire-remise-des-prix\/#article","isPartOf":{"@id":"https:\/\/umg.ch\/de\/75eme-anniversaire-remise-des-prix\/"},"author":{"name":"Aur\u00e9lien Picaud","@id":"https:\/\/umg.ch\/de\/#\/schema\/person\/cada3fd4465ba52936f2ff0c14314ad6"},"headline":"75\u00e8me anniversaire : Remise des prix","datePublished":"2024-10-22T09:07:50+00:00","dateModified":"2024-10-22T09:07:55+00:00","mainEntityOfPage":{"@id":"https:\/\/umg.ch\/de\/75eme-anniversaire-remise-des-prix\/"},"wordCount":97,"image":{"@id":"https:\/\/umg.ch\/de\/75eme-anniversaire-remise-des-prix\/#primaryimage"},"thumbnailUrl":"https:\/\/umg.ch\/wp-content\/uploads\/2024\/10\/image00047-scaled.jpeg","articleSection":["75\u00e8me Anniversaire de l'UMG"],"inLanguage":"de"},{"@type":"WebPage","@id":"https:\/\/umg.ch\/de\/75eme-anniversaire-remise-des-prix\/","url":"https:\/\/umg.ch\/de\/75eme-anniversaire-remise-des-prix\/","name":"75\u00e8me anniversaire : Remise des prix - Union Mara\u00eech\u00e8re de Gen\u00e8ve","isPartOf":{"@id":"https:\/\/umg.ch\/de\/#website"},"primaryImageOfPage":{"@id":"https:\/\/umg.ch\/de\/75eme-anniversaire-remise-des-prix\/#primaryimage"},"image":{"@id":"https:\/\/umg.ch\/de\/75eme-anniversaire-remise-des-prix\/#primaryimage"},"thumbnailUrl":"https:\/\/umg.ch\/wp-content\/uploads\/2024\/10\/image00047-scaled.jpeg","datePublished":"2024-10-22T09:07:50+00:00","dateModified":"2024-10-22T09:07:55+00:00","author":{"@id":"https:\/\/umg.ch\/de\/#\/schema\/person\/cada3fd4465ba52936f2ff0c14314ad6"},"breadcrumb":{"@id":"https:\/\/umg.ch\/de\/75eme-anniversaire-remise-des-prix\/#breadcrumb"},"inLanguage":"de","potentialAction":[{"@type":"ReadAction","target":["https:\/\/umg.ch\/de\/75eme-anniversaire-remise-des-prix\/"]}]},{"@type":"ImageObject","inLanguage":"de","@id":"https:\/\/umg.ch\/de\/75eme-anniversaire-remise-des-prix\/#primaryimage","url":"https:\/\/umg.ch\/wp-content\/uploads\/2024\/10\/image00047-scaled.jpeg","contentUrl":"https:\/\/umg.ch\/wp-content\/uploads\/2024\/10\/image00047-scaled.jpeg","width":1440,"height":2560},{"@type":"BreadcrumbList","@id":"https:\/\/umg.ch\/de\/75eme-anniversaire-remise-des-prix\/#breadcrumb","itemListElement":[{"@type":"ListItem","position":1,"name":"Startseite","item":"https:\/\/umg.ch\/de\/"},{"@type":"ListItem","position":2,"name":"75\u00e8me anniversaire : Remise des prix"}]},{"@type":"WebSite","@id":"https:\/\/umg.ch\/de\/#website","url":"https:\/\/umg.ch\/de\/","name":"Union Mara\u00eech\u00e8re de Gen\u00e8ve","description":"Un terroir et des hommes","potentialAction":[{"@type":"SearchAction","target":{"@type":"EntryPoint","urlTemplate":"https:\/\/umg.ch\/de\/?s={search_term_string}"},"query-input":{"@type":"PropertyValueSpecification","valueRequired":true,"valueName":"search_term_string"}}],"inLanguage":"de"},{"@type":"Person","@id":"https:\/\/umg.ch\/de\/#\/schema\/person\/cada3fd4465ba52936f2ff0c14314ad6","name":"Aur\u00e9lien Picaud","image":{"@type":"ImageObject","inLanguage":"de","@id":"https:\/\/secure.gravatar.com\/avatar\/404f0c8c1b5a5e3d478363d3264c05c4e8927c278998cb16f8049d97c627cdf1?s=96&d=mm&r=g","url":"https:\/\/secure.gravatar.com\/avatar\/404f0c8c1b5a5e3d478363d3264c05c4e8927c278998cb16f8049d97c627cdf1?s=96&d=mm&r=g","contentUrl":"https:\/\/secure.gravatar.com\/avatar\/404f0c8c1b5a5e3d478363d3264c05c4e8927c278998cb16f8049d97c627cdf1?s=96&d=mm&r=g","caption":"Aur\u00e9lien Picaud"},"url":"https:\/\/umg.ch\/de\/author\/apicaud\/"}]}},"_links":{"self":[{"href":"https:\/\/umg.ch\/de\/wp-json\/wp\/v2\/posts\/4920","targetHints":{"allow":["GET"]}}],"collection":[{"href":"https:\/\/umg.ch\/de\/wp-json\/wp\/v2\/posts"}],"about":[{"href":"https:\/\/umg.ch\/de\/wp-json\/wp\/v2\/types\/post"}],"author":[{"embeddable":true,"href":"https:\/\/umg.ch\/de\/wp-json\/wp\/v2\/users\/3"}],"replies":[{"embeddable":true,"href":"https:\/\/umg.ch\/de\/wp-json\/wp\/v2\/comments?post=4920"}],"version-history":[{"count":3,"href":"https:\/\/umg.ch\/de\/wp-json\/wp\/v2\/posts\/4920\/revisions"}],"predecessor-version":[{"id":4953,"href":"https:\/\/umg.ch\/de\/wp-json\/wp\/v2\/posts\/4920\/revisions\/4953"}],"wp:featuredmedia":[{"embeddable":true,"href":"https:\/\/umg.ch\/de\/wp-json\/wp\/v2\/media\/4945"}],"wp:attachment":[{"href":"https:\/\/umg.ch\/de\/wp-json\/wp\/v2\/media?parent=4920"}],"wp:term":[{"taxonomy":"category","embeddable":true,"href":"https:\/\/umg.ch\/de\/wp-json\/wp\/v2\/categories?post=4920"},{"taxonomy":"post_tag","embeddable":true,"href":"https:\/\/umg.ch\/de\/wp-json\/wp\/v2\/tags?post=4920"}],"curies":[{"name":"wp","href":"https:\/\/api.w.org\/{rel}","templated":true}]}}