{"id":3832,"date":"2021-05-03T17:01:13","date_gmt":"2021-05-03T15:01:13","guid":{"rendered":"https:\/\/umg.ch\/claude-et-damien-janin-sur-radio-lac\/"},"modified":"2021-05-21T11:28:19","modified_gmt":"2021-05-21T09:28:19","slug":"claude-et-damien-janin-sur-radio-lac","status":"publish","type":"post","link":"https:\/\/umg.ch\/de\/claude-et-damien-janin-sur-radio-lac\/","title":{"rendered":"Claude und Damien Janin auf Radio Lac"},"content":{"rendered":"\n<p>Diese Woche besch\u00e4ftigte sich die Sendung <em>Terre \u00e0 Terre<\/em> auf Radio Lac mit der Landwirtschaft 2.0 im Dienste der agrar\u00f6kologischen Wende. Zu Gast waren Claude und Damien Janin vom Betrieb <a href=\"https:\/\/www.facebook.com\/TerreEtSerreGenevoises\/?__cft__%5b0%5d=AZVu8GyOQHI7BjOnHAxuBiST5owZ-4HY9HHjZeLJ4GTKAoiqXigMhDyLkGk4A-uGJf25Ukt5qvTmgQBzY8e6xiwKfT5z6k8m136TqN-odz1SnCOorlB0vTe-qdzY1_snqCDir5HEwzhZpgDCFfb1qlZjj4AhGjJ3GTS9-yU7FTFaRA&amp;__tn__=kK-R\"><em>Terre et Serre Genevoises<\/em><\/a> und Nathalie Droz von der <em>Brasserie des Murailles<\/em>.<\/p>\n\n\n\n<p><\/p>\n\n\n\n<figure class=\"wp-block-embed is-type-video is-provider-youtube wp-block-embed-youtube wp-embed-aspect-16-9 wp-has-aspect-ratio\"><div class=\"wp-block-embed__wrapper\">\n<iframe loading=\"lazy\" title=\"Terre a Terre - Emission du 30 avril\" width=\"1170\" height=\"658\" src=\"https:\/\/www.youtube.com\/embed\/4-uHnHG2yzo?feature=oembed\" frameborder=\"0\" allow=\"accelerometer; autoplay; clipboard-write; encrypted-media; gyroscope; picture-in-picture\" allowfullscreen><\/iframe>\n<\/div><\/figure>\n","protected":false},"excerpt":{"rendered":"<p>Diese Woche besch\u00e4ftigte sich die Sendung Terre \u00e0 Terre auf Radio Lac mit der Landwirtschaft 2.0 im Dienste der agrar\u00f6kologischen Wende. Zu Gast waren Claude und Damien Janin vom Betrieb [&hellip;]<\/p>\n","protected":false},"author":3,"featured_media":3826,"comment_status":"closed","ping_status":"closed","sticky":false,"template":"","format":"standard","meta":{"_acf_changed":false,"inline_featured_image":false,"footnotes":""},"categories":[57],"tags":[],"class_list":["post-3832","post","type-post","status-publish","format-standard","has-post-thumbnail","hentry","category-news"],"acf":[],"yoast_head":"<!-- This site is optimized with the Yoast SEO plugin v27.4 - https:\/\/yoast.com\/product\/yoast-seo-wordpress\/ -->\n<title>Claude und Damien Janin auf Radio Lac - Union Mara\u00eech\u00e8re de Gen\u00e8ve<\/title>\n<meta name=\"robots\" content=\"index, follow, max-snippet:-1, max-image-preview:large, max-video-preview:-1\" \/>\n<link rel=\"canonical\" href=\"https:\/\/umg.ch\/de\/claude-et-damien-janin-sur-radio-lac\/\" \/>\n<meta property=\"og:locale\" content=\"de_DE\" \/>\n<meta property=\"og:type\" content=\"article\" \/>\n<meta property=\"og:title\" content=\"Claude und Damien Janin auf Radio Lac - Union Mara\u00eech\u00e8re de Gen\u00e8ve\" \/>\n<meta property=\"og:description\" content=\"Diese Woche besch\u00e4ftigte sich die Sendung Terre \u00e0 Terre auf Radio Lac mit der Landwirtschaft 2.0 im Dienste der agrar\u00f6kologischen Wende. Zu Gast waren Claude und Damien Janin vom Betrieb [&hellip;]\" \/>\n<meta property=\"og:url\" content=\"https:\/\/umg.ch\/de\/claude-et-damien-janin-sur-radio-lac\/\" \/>\n<meta property=\"og:site_name\" content=\"Union Mara\u00eech\u00e8re de Gen\u00e8ve\" \/>\n<meta property=\"article:published_time\" content=\"2021-05-03T15:01:13+00:00\" \/>\n<meta property=\"article:modified_time\" content=\"2021-05-21T09:28:19+00:00\" \/>\n<meta property=\"og:image\" content=\"https:\/\/umg.ch\/wp-content\/uploads\/2021\/05\/IMG_3379.jpg\" \/>\n\t<meta property=\"og:image:width\" content=\"1080\" \/>\n\t<meta property=\"og:image:height\" content=\"851\" \/>\n\t<meta property=\"og:image:type\" content=\"image\/jpeg\" \/>\n<meta name=\"author\" content=\"Aur\u00e9lien Picaud\" \/>\n<meta name=\"twitter:card\" content=\"summary_large_image\" \/>\n<meta name=\"twitter:label1\" content=\"Verfasst von\" \/>\n\t<meta name=\"twitter:data1\" content=\"Aur\u00e9lien Picaud\" \/>\n\t<meta name=\"twitter:label2\" content=\"Gesch\u00e4tzte Lesezeit\" \/>\n\t<meta name=\"twitter:data2\" content=\"1\u00a0Minute\" \/>\n<script type=\"application\/ld+json\" class=\"yoast-schema-graph\">{\"@context\":\"https:\\\/\\\/schema.org\",\"@graph\":[{\"@type\":\"Article\",\"@id\":\"https:\\\/\\\/umg.ch\\\/de\\\/claude-et-damien-janin-sur-radio-lac\\\/#article\",\"isPartOf\":{\"@id\":\"https:\\\/\\\/umg.ch\\\/de\\\/claude-et-damien-janin-sur-radio-lac\\\/\"},\"author\":{\"name\":\"Aur\u00e9lien Picaud\",\"@id\":\"https:\\\/\\\/umg.ch\\\/de\\\/#\\\/schema\\\/person\\\/cada3fd4465ba52936f2ff0c14314ad6\"},\"headline\":\"Claude und Damien Janin auf Radio Lac\",\"datePublished\":\"2021-05-03T15:01:13+00:00\",\"dateModified\":\"2021-05-21T09:28:19+00:00\",\"mainEntityOfPage\":{\"@id\":\"https:\\\/\\\/umg.ch\\\/de\\\/claude-et-damien-janin-sur-radio-lac\\\/\"},\"wordCount\":54,\"image\":{\"@id\":\"https:\\\/\\\/umg.ch\\\/de\\\/claude-et-damien-janin-sur-radio-lac\\\/#primaryimage\"},\"thumbnailUrl\":\"https:\\\/\\\/umg.ch\\\/wp-content\\\/uploads\\\/2021\\\/05\\\/IMG_3379.jpg\",\"articleSection\":[\"News\"],\"inLanguage\":\"de\"},{\"@type\":\"WebPage\",\"@id\":\"https:\\\/\\\/umg.ch\\\/de\\\/claude-et-damien-janin-sur-radio-lac\\\/\",\"url\":\"https:\\\/\\\/umg.ch\\\/de\\\/claude-et-damien-janin-sur-radio-lac\\\/\",\"name\":\"Claude und Damien Janin auf Radio Lac - Union Mara\u00eech\u00e8re de Gen\u00e8ve\",\"isPartOf\":{\"@id\":\"https:\\\/\\\/umg.ch\\\/de\\\/#website\"},\"primaryImageOfPage\":{\"@id\":\"https:\\\/\\\/umg.ch\\\/de\\\/claude-et-damien-janin-sur-radio-lac\\\/#primaryimage\"},\"image\":{\"@id\":\"https:\\\/\\\/umg.ch\\\/de\\\/claude-et-damien-janin-sur-radio-lac\\\/#primaryimage\"},\"thumbnailUrl\":\"https:\\\/\\\/umg.ch\\\/wp-content\\\/uploads\\\/2021\\\/05\\\/IMG_3379.jpg\",\"datePublished\":\"2021-05-03T15:01:13+00:00\",\"dateModified\":\"2021-05-21T09:28:19+00:00\",\"author\":{\"@id\":\"https:\\\/\\\/umg.ch\\\/de\\\/#\\\/schema\\\/person\\\/cada3fd4465ba52936f2ff0c14314ad6\"},\"breadcrumb\":{\"@id\":\"https:\\\/\\\/umg.ch\\\/de\\\/claude-et-damien-janin-sur-radio-lac\\\/#breadcrumb\"},\"inLanguage\":\"de\",\"potentialAction\":[{\"@type\":\"ReadAction\",\"target\":[\"https:\\\/\\\/umg.ch\\\/de\\\/claude-et-damien-janin-sur-radio-lac\\\/\"]}]},{\"@type\":\"ImageObject\",\"inLanguage\":\"de\",\"@id\":\"https:\\\/\\\/umg.ch\\\/de\\\/claude-et-damien-janin-sur-radio-lac\\\/#primaryimage\",\"url\":\"https:\\\/\\\/umg.ch\\\/wp-content\\\/uploads\\\/2021\\\/05\\\/IMG_3379.jpg\",\"contentUrl\":\"https:\\\/\\\/umg.ch\\\/wp-content\\\/uploads\\\/2021\\\/05\\\/IMG_3379.jpg\",\"width\":1080,\"height\":851},{\"@type\":\"BreadcrumbList\",\"@id\":\"https:\\\/\\\/umg.ch\\\/de\\\/claude-et-damien-janin-sur-radio-lac\\\/#breadcrumb\",\"itemListElement\":[{\"@type\":\"ListItem\",\"position\":1,\"name\":\"Startseite\",\"item\":\"https:\\\/\\\/umg.ch\\\/de\\\/\"},{\"@type\":\"ListItem\",\"position\":2,\"name\":\"Claude und Damien Janin auf Radio Lac\"}]},{\"@type\":\"WebSite\",\"@id\":\"https:\\\/\\\/umg.ch\\\/de\\\/#website\",\"url\":\"https:\\\/\\\/umg.ch\\\/de\\\/\",\"name\":\"Union Mara\u00eech\u00e8re de Gen\u00e8ve\",\"description\":\"Un terroir et des hommes\",\"potentialAction\":[{\"@type\":\"SearchAction\",\"target\":{\"@type\":\"EntryPoint\",\"urlTemplate\":\"https:\\\/\\\/umg.ch\\\/de\\\/?s={search_term_string}\"},\"query-input\":{\"@type\":\"PropertyValueSpecification\",\"valueRequired\":true,\"valueName\":\"search_term_string\"}}],\"inLanguage\":\"de\"},{\"@type\":\"Person\",\"@id\":\"https:\\\/\\\/umg.ch\\\/de\\\/#\\\/schema\\\/person\\\/cada3fd4465ba52936f2ff0c14314ad6\",\"name\":\"Aur\u00e9lien Picaud\",\"image\":{\"@type\":\"ImageObject\",\"inLanguage\":\"de\",\"@id\":\"https:\\\/\\\/secure.gravatar.com\\\/avatar\\\/404f0c8c1b5a5e3d478363d3264c05c4e8927c278998cb16f8049d97c627cdf1?s=96&d=mm&r=g\",\"url\":\"https:\\\/\\\/secure.gravatar.com\\\/avatar\\\/404f0c8c1b5a5e3d478363d3264c05c4e8927c278998cb16f8049d97c627cdf1?s=96&d=mm&r=g\",\"contentUrl\":\"https:\\\/\\\/secure.gravatar.com\\\/avatar\\\/404f0c8c1b5a5e3d478363d3264c05c4e8927c278998cb16f8049d97c627cdf1?s=96&d=mm&r=g\",\"caption\":\"Aur\u00e9lien Picaud\"},\"url\":\"https:\\\/\\\/umg.ch\\\/de\\\/author\\\/apicaud\\\/\"}]}<\/script>\n<!-- \/ Yoast SEO plugin. -->","yoast_head_json":{"title":"Claude und Damien Janin auf Radio Lac - Union Mara\u00eech\u00e8re de Gen\u00e8ve","robots":{"index":"index","follow":"follow","max-snippet":"max-snippet:-1","max-image-preview":"max-image-preview:large","max-video-preview":"max-video-preview:-1"},"canonical":"https:\/\/umg.ch\/de\/claude-et-damien-janin-sur-radio-lac\/","og_locale":"de_DE","og_type":"article","og_title":"Claude und Damien Janin auf Radio Lac - Union Mara\u00eech\u00e8re de Gen\u00e8ve","og_description":"Diese Woche besch\u00e4ftigte sich die Sendung Terre \u00e0 Terre auf Radio Lac mit der Landwirtschaft 2.0 im Dienste der agrar\u00f6kologischen Wende. Zu Gast waren Claude und Damien Janin vom Betrieb [&hellip;]","og_url":"https:\/\/umg.ch\/de\/claude-et-damien-janin-sur-radio-lac\/","og_site_name":"Union Mara\u00eech\u00e8re de Gen\u00e8ve","article_published_time":"2021-05-03T15:01:13+00:00","article_modified_time":"2021-05-21T09:28:19+00:00","og_image":[{"width":1080,"height":851,"url":"https:\/\/umg.ch\/wp-content\/uploads\/2021\/05\/IMG_3379.jpg","type":"image\/jpeg"}],"author":"Aur\u00e9lien Picaud","twitter_card":"summary_large_image","twitter_misc":{"Verfasst von":"Aur\u00e9lien Picaud","Gesch\u00e4tzte Lesezeit":"1\u00a0Minute"},"schema":{"@context":"https:\/\/schema.org","@graph":[{"@type":"Article","@id":"https:\/\/umg.ch\/de\/claude-et-damien-janin-sur-radio-lac\/#article","isPartOf":{"@id":"https:\/\/umg.ch\/de\/claude-et-damien-janin-sur-radio-lac\/"},"author":{"name":"Aur\u00e9lien Picaud","@id":"https:\/\/umg.ch\/de\/#\/schema\/person\/cada3fd4465ba52936f2ff0c14314ad6"},"headline":"Claude und Damien Janin auf Radio Lac","datePublished":"2021-05-03T15:01:13+00:00","dateModified":"2021-05-21T09:28:19+00:00","mainEntityOfPage":{"@id":"https:\/\/umg.ch\/de\/claude-et-damien-janin-sur-radio-lac\/"},"wordCount":54,"image":{"@id":"https:\/\/umg.ch\/de\/claude-et-damien-janin-sur-radio-lac\/#primaryimage"},"thumbnailUrl":"https:\/\/umg.ch\/wp-content\/uploads\/2021\/05\/IMG_3379.jpg","articleSection":["News"],"inLanguage":"de"},{"@type":"WebPage","@id":"https:\/\/umg.ch\/de\/claude-et-damien-janin-sur-radio-lac\/","url":"https:\/\/umg.ch\/de\/claude-et-damien-janin-sur-radio-lac\/","name":"Claude und Damien Janin auf Radio Lac - Union Mara\u00eech\u00e8re de Gen\u00e8ve","isPartOf":{"@id":"https:\/\/umg.ch\/de\/#website"},"primaryImageOfPage":{"@id":"https:\/\/umg.ch\/de\/claude-et-damien-janin-sur-radio-lac\/#primaryimage"},"image":{"@id":"https:\/\/umg.ch\/de\/claude-et-damien-janin-sur-radio-lac\/#primaryimage"},"thumbnailUrl":"https:\/\/umg.ch\/wp-content\/uploads\/2021\/05\/IMG_3379.jpg","datePublished":"2021-05-03T15:01:13+00:00","dateModified":"2021-05-21T09:28:19+00:00","author":{"@id":"https:\/\/umg.ch\/de\/#\/schema\/person\/cada3fd4465ba52936f2ff0c14314ad6"},"breadcrumb":{"@id":"https:\/\/umg.ch\/de\/claude-et-damien-janin-sur-radio-lac\/#breadcrumb"},"inLanguage":"de","potentialAction":[{"@type":"ReadAction","target":["https:\/\/umg.ch\/de\/claude-et-damien-janin-sur-radio-lac\/"]}]},{"@type":"ImageObject","inLanguage":"de","@id":"https:\/\/umg.ch\/de\/claude-et-damien-janin-sur-radio-lac\/#primaryimage","url":"https:\/\/umg.ch\/wp-content\/uploads\/2021\/05\/IMG_3379.jpg","contentUrl":"https:\/\/umg.ch\/wp-content\/uploads\/2021\/05\/IMG_3379.jpg","width":1080,"height":851},{"@type":"BreadcrumbList","@id":"https:\/\/umg.ch\/de\/claude-et-damien-janin-sur-radio-lac\/#breadcrumb","itemListElement":[{"@type":"ListItem","position":1,"name":"Startseite","item":"https:\/\/umg.ch\/de\/"},{"@type":"ListItem","position":2,"name":"Claude und Damien Janin auf Radio Lac"}]},{"@type":"WebSite","@id":"https:\/\/umg.ch\/de\/#website","url":"https:\/\/umg.ch\/de\/","name":"Union Mara\u00eech\u00e8re de Gen\u00e8ve","description":"Un terroir et des hommes","potentialAction":[{"@type":"SearchAction","target":{"@type":"EntryPoint","urlTemplate":"https:\/\/umg.ch\/de\/?s={search_term_string}"},"query-input":{"@type":"PropertyValueSpecification","valueRequired":true,"valueName":"search_term_string"}}],"inLanguage":"de"},{"@type":"Person","@id":"https:\/\/umg.ch\/de\/#\/schema\/person\/cada3fd4465ba52936f2ff0c14314ad6","name":"Aur\u00e9lien Picaud","image":{"@type":"ImageObject","inLanguage":"de","@id":"https:\/\/secure.gravatar.com\/avatar\/404f0c8c1b5a5e3d478363d3264c05c4e8927c278998cb16f8049d97c627cdf1?s=96&d=mm&r=g","url":"https:\/\/secure.gravatar.com\/avatar\/404f0c8c1b5a5e3d478363d3264c05c4e8927c278998cb16f8049d97c627cdf1?s=96&d=mm&r=g","contentUrl":"https:\/\/secure.gravatar.com\/avatar\/404f0c8c1b5a5e3d478363d3264c05c4e8927c278998cb16f8049d97c627cdf1?s=96&d=mm&r=g","caption":"Aur\u00e9lien Picaud"},"url":"https:\/\/umg.ch\/de\/author\/apicaud\/"}]}},"_links":{"self":[{"href":"https:\/\/umg.ch\/de\/wp-json\/wp\/v2\/posts\/3832","targetHints":{"allow":["GET"]}}],"collection":[{"href":"https:\/\/umg.ch\/de\/wp-json\/wp\/v2\/posts"}],"about":[{"href":"https:\/\/umg.ch\/de\/wp-json\/wp\/v2\/types\/post"}],"author":[{"embeddable":true,"href":"https:\/\/umg.ch\/de\/wp-json\/wp\/v2\/users\/3"}],"replies":[{"embeddable":true,"href":"https:\/\/umg.ch\/de\/wp-json\/wp\/v2\/comments?post=3832"}],"version-history":[{"count":1,"href":"https:\/\/umg.ch\/de\/wp-json\/wp\/v2\/posts\/3832\/revisions"}],"predecessor-version":[{"id":3833,"href":"https:\/\/umg.ch\/de\/wp-json\/wp\/v2\/posts\/3832\/revisions\/3833"}],"wp:featuredmedia":[{"embeddable":true,"href":"https:\/\/umg.ch\/de\/wp-json\/wp\/v2\/media\/3826"}],"wp:attachment":[{"href":"https:\/\/umg.ch\/de\/wp-json\/wp\/v2\/media?parent=3832"}],"wp:term":[{"taxonomy":"category","embeddable":true,"href":"https:\/\/umg.ch\/de\/wp-json\/wp\/v2\/categories?post=3832"},{"taxonomy":"post_tag","embeddable":true,"href":"https:\/\/umg.ch\/de\/wp-json\/wp\/v2\/tags?post=3832"}],"curies":[{"name":"wp","href":"https:\/\/api.w.org\/{rel}","templated":true}]}}