{"id":3697,"date":"2021-01-21T09:37:06","date_gmt":"2021-01-21T08:37:06","guid":{"rendered":"https:\/\/umg.ch\/?p=3697"},"modified":"2021-03-09T07:45:40","modified_gmt":"2021-03-09T06:45:40","slug":"lumg-dans-couleurs-locales","status":"publish","type":"post","link":"https:\/\/umg.ch\/de\/lumg-dans-couleurs-locales\/","title":{"rendered":"L&#8217;UMG dans Couleurs locales"},"content":{"rendered":"\n<p>Lundi 18 janvier 2021, les coulisses de l&#8217;Union mara\u00eech\u00e8re sont pass\u00e9s dans l&#8217;\u00e9mission Couleurs locales de la RTS. <\/p>\n\n\n\n<p>Le parcours quotidien de nos l\u00e9gumes, de leur r\u00e9coltes \u00e0 leur mise en vente, y est fid\u00e8lement pr\u00e9sent\u00e9.<\/p>\n\n\n\n<figure class=\"wp-block-video\"><video height=\"480\" style=\"aspect-ratio: 220 \/ 480;\" width=\"220\" controls src=\"https:\/\/umg.ch\/wp-content\/uploads\/2021\/01\/Couleurs-locales-janvier-2021.mov\"><\/video><\/figure>\n","protected":false},"excerpt":{"rendered":"<p>Lundi 18 janvier 2021, les coulisses de l&#8217;Union mara\u00eech\u00e8re sont pass\u00e9s dans l&#8217;\u00e9mission Couleurs locales de la RTS. Le parcours quotidien de nos l\u00e9gumes, de leur r\u00e9coltes \u00e0 leur mise [&hellip;]<\/p>\n","protected":false},"author":3,"featured_media":3702,"comment_status":"closed","ping_status":"closed","sticky":false,"template":"","format":"standard","meta":{"_acf_changed":false,"inline_featured_image":false,"footnotes":""},"categories":[3],"tags":[],"class_list":["post-3697","post","type-post","status-publish","format-standard","has-post-thumbnail","hentry","category-actualites"],"acf":[],"yoast_head":"<!-- This site is optimized with the Yoast SEO plugin v27.4 - https:\/\/yoast.com\/product\/yoast-seo-wordpress\/ -->\n<title>L&#039;UMG dans Couleurs locales - Union Mara\u00eech\u00e8re de Gen\u00e8ve<\/title>\n<meta name=\"robots\" content=\"index, follow, max-snippet:-1, max-image-preview:large, max-video-preview:-1\" \/>\n<link rel=\"canonical\" href=\"https:\/\/umg.ch\/de\/lumg-dans-couleurs-locales\/\" \/>\n<meta property=\"og:locale\" content=\"de_DE\" \/>\n<meta property=\"og:type\" content=\"article\" \/>\n<meta property=\"og:title\" content=\"L&#039;UMG dans Couleurs locales - Union Mara\u00eech\u00e8re de Gen\u00e8ve\" \/>\n<meta property=\"og:description\" content=\"Lundi 18 janvier 2021, les coulisses de l&#8217;Union mara\u00eech\u00e8re sont pass\u00e9s dans l&#8217;\u00e9mission Couleurs locales de la RTS. Le parcours quotidien de nos l\u00e9gumes, de leur r\u00e9coltes \u00e0 leur mise [&hellip;]\" \/>\n<meta property=\"og:url\" content=\"https:\/\/umg.ch\/de\/lumg-dans-couleurs-locales\/\" \/>\n<meta property=\"og:site_name\" content=\"Union Mara\u00eech\u00e8re de Gen\u00e8ve\" \/>\n<meta property=\"article:published_time\" content=\"2021-01-21T08:37:06+00:00\" \/>\n<meta property=\"article:modified_time\" content=\"2021-03-09T06:45:40+00:00\" \/>\n<meta property=\"og:image\" content=\"https:\/\/umg.ch\/wp-content\/uploads\/2021\/01\/index.jpg\" \/>\n\t<meta property=\"og:image:width\" content=\"180\" \/>\n\t<meta property=\"og:image:height\" content=\"180\" \/>\n\t<meta property=\"og:image:type\" content=\"image\/jpeg\" \/>\n<meta name=\"author\" content=\"Aur\u00e9lien Picaud\" \/>\n<meta name=\"twitter:card\" content=\"summary_large_image\" \/>\n<meta name=\"twitter:label1\" content=\"Verfasst von\" \/>\n\t<meta name=\"twitter:data1\" content=\"Aur\u00e9lien Picaud\" \/>\n\t<meta name=\"twitter:label2\" content=\"Gesch\u00e4tzte Lesezeit\" \/>\n\t<meta name=\"twitter:data2\" content=\"1\u00a0Minute\" \/>\n<script type=\"application\/ld+json\" class=\"yoast-schema-graph\">{\"@context\":\"https:\\\/\\\/schema.org\",\"@graph\":[{\"@type\":\"Article\",\"@id\":\"https:\\\/\\\/umg.ch\\\/de\\\/lumg-dans-couleurs-locales\\\/#article\",\"isPartOf\":{\"@id\":\"https:\\\/\\\/umg.ch\\\/de\\\/lumg-dans-couleurs-locales\\\/\"},\"author\":{\"name\":\"Aur\u00e9lien Picaud\",\"@id\":\"https:\\\/\\\/umg.ch\\\/de\\\/#\\\/schema\\\/person\\\/cada3fd4465ba52936f2ff0c14314ad6\"},\"headline\":\"L&#8217;UMG dans Couleurs locales\",\"datePublished\":\"2021-01-21T08:37:06+00:00\",\"dateModified\":\"2021-03-09T06:45:40+00:00\",\"mainEntityOfPage\":{\"@id\":\"https:\\\/\\\/umg.ch\\\/de\\\/lumg-dans-couleurs-locales\\\/\"},\"wordCount\":47,\"image\":{\"@id\":\"https:\\\/\\\/umg.ch\\\/de\\\/lumg-dans-couleurs-locales\\\/#primaryimage\"},\"thumbnailUrl\":\"https:\\\/\\\/umg.ch\\\/wp-content\\\/uploads\\\/2021\\\/01\\\/index.jpg\",\"articleSection\":[\"Actualit\u00e9s\"],\"inLanguage\":\"de\"},{\"@type\":\"WebPage\",\"@id\":\"https:\\\/\\\/umg.ch\\\/de\\\/lumg-dans-couleurs-locales\\\/\",\"url\":\"https:\\\/\\\/umg.ch\\\/de\\\/lumg-dans-couleurs-locales\\\/\",\"name\":\"L'UMG dans Couleurs locales - Union Mara\u00eech\u00e8re de Gen\u00e8ve\",\"isPartOf\":{\"@id\":\"https:\\\/\\\/umg.ch\\\/de\\\/#website\"},\"primaryImageOfPage\":{\"@id\":\"https:\\\/\\\/umg.ch\\\/de\\\/lumg-dans-couleurs-locales\\\/#primaryimage\"},\"image\":{\"@id\":\"https:\\\/\\\/umg.ch\\\/de\\\/lumg-dans-couleurs-locales\\\/#primaryimage\"},\"thumbnailUrl\":\"https:\\\/\\\/umg.ch\\\/wp-content\\\/uploads\\\/2021\\\/01\\\/index.jpg\",\"datePublished\":\"2021-01-21T08:37:06+00:00\",\"dateModified\":\"2021-03-09T06:45:40+00:00\",\"author\":{\"@id\":\"https:\\\/\\\/umg.ch\\\/de\\\/#\\\/schema\\\/person\\\/cada3fd4465ba52936f2ff0c14314ad6\"},\"breadcrumb\":{\"@id\":\"https:\\\/\\\/umg.ch\\\/de\\\/lumg-dans-couleurs-locales\\\/#breadcrumb\"},\"inLanguage\":\"de\",\"potentialAction\":[{\"@type\":\"ReadAction\",\"target\":[\"https:\\\/\\\/umg.ch\\\/de\\\/lumg-dans-couleurs-locales\\\/\"]}]},{\"@type\":\"ImageObject\",\"inLanguage\":\"de\",\"@id\":\"https:\\\/\\\/umg.ch\\\/de\\\/lumg-dans-couleurs-locales\\\/#primaryimage\",\"url\":\"https:\\\/\\\/umg.ch\\\/wp-content\\\/uploads\\\/2021\\\/01\\\/index.jpg\",\"contentUrl\":\"https:\\\/\\\/umg.ch\\\/wp-content\\\/uploads\\\/2021\\\/01\\\/index.jpg\",\"width\":180,\"height\":180},{\"@type\":\"BreadcrumbList\",\"@id\":\"https:\\\/\\\/umg.ch\\\/de\\\/lumg-dans-couleurs-locales\\\/#breadcrumb\",\"itemListElement\":[{\"@type\":\"ListItem\",\"position\":1,\"name\":\"Startseite\",\"item\":\"https:\\\/\\\/umg.ch\\\/de\\\/\"},{\"@type\":\"ListItem\",\"position\":2,\"name\":\"L&rsquo;UMG dans Couleurs locales\"}]},{\"@type\":\"WebSite\",\"@id\":\"https:\\\/\\\/umg.ch\\\/de\\\/#website\",\"url\":\"https:\\\/\\\/umg.ch\\\/de\\\/\",\"name\":\"Union Mara\u00eech\u00e8re de Gen\u00e8ve\",\"description\":\"Un terroir et des hommes\",\"potentialAction\":[{\"@type\":\"SearchAction\",\"target\":{\"@type\":\"EntryPoint\",\"urlTemplate\":\"https:\\\/\\\/umg.ch\\\/de\\\/?s={search_term_string}\"},\"query-input\":{\"@type\":\"PropertyValueSpecification\",\"valueRequired\":true,\"valueName\":\"search_term_string\"}}],\"inLanguage\":\"de\"},{\"@type\":\"Person\",\"@id\":\"https:\\\/\\\/umg.ch\\\/de\\\/#\\\/schema\\\/person\\\/cada3fd4465ba52936f2ff0c14314ad6\",\"name\":\"Aur\u00e9lien Picaud\",\"image\":{\"@type\":\"ImageObject\",\"inLanguage\":\"de\",\"@id\":\"https:\\\/\\\/secure.gravatar.com\\\/avatar\\\/404f0c8c1b5a5e3d478363d3264c05c4e8927c278998cb16f8049d97c627cdf1?s=96&d=mm&r=g\",\"url\":\"https:\\\/\\\/secure.gravatar.com\\\/avatar\\\/404f0c8c1b5a5e3d478363d3264c05c4e8927c278998cb16f8049d97c627cdf1?s=96&d=mm&r=g\",\"contentUrl\":\"https:\\\/\\\/secure.gravatar.com\\\/avatar\\\/404f0c8c1b5a5e3d478363d3264c05c4e8927c278998cb16f8049d97c627cdf1?s=96&d=mm&r=g\",\"caption\":\"Aur\u00e9lien Picaud\"},\"url\":\"https:\\\/\\\/umg.ch\\\/de\\\/author\\\/apicaud\\\/\"}]}<\/script>\n<!-- \/ Yoast SEO plugin. -->","yoast_head_json":{"title":"L'UMG dans Couleurs locales - Union Mara\u00eech\u00e8re de Gen\u00e8ve","robots":{"index":"index","follow":"follow","max-snippet":"max-snippet:-1","max-image-preview":"max-image-preview:large","max-video-preview":"max-video-preview:-1"},"canonical":"https:\/\/umg.ch\/de\/lumg-dans-couleurs-locales\/","og_locale":"de_DE","og_type":"article","og_title":"L'UMG dans Couleurs locales - Union Mara\u00eech\u00e8re de Gen\u00e8ve","og_description":"Lundi 18 janvier 2021, les coulisses de l&#8217;Union mara\u00eech\u00e8re sont pass\u00e9s dans l&#8217;\u00e9mission Couleurs locales de la RTS. Le parcours quotidien de nos l\u00e9gumes, de leur r\u00e9coltes \u00e0 leur mise [&hellip;]","og_url":"https:\/\/umg.ch\/de\/lumg-dans-couleurs-locales\/","og_site_name":"Union Mara\u00eech\u00e8re de Gen\u00e8ve","article_published_time":"2021-01-21T08:37:06+00:00","article_modified_time":"2021-03-09T06:45:40+00:00","og_image":[{"width":180,"height":180,"url":"https:\/\/umg.ch\/wp-content\/uploads\/2021\/01\/index.jpg","type":"image\/jpeg"}],"author":"Aur\u00e9lien Picaud","twitter_card":"summary_large_image","twitter_misc":{"Verfasst von":"Aur\u00e9lien Picaud","Gesch\u00e4tzte Lesezeit":"1\u00a0Minute"},"schema":{"@context":"https:\/\/schema.org","@graph":[{"@type":"Article","@id":"https:\/\/umg.ch\/de\/lumg-dans-couleurs-locales\/#article","isPartOf":{"@id":"https:\/\/umg.ch\/de\/lumg-dans-couleurs-locales\/"},"author":{"name":"Aur\u00e9lien Picaud","@id":"https:\/\/umg.ch\/de\/#\/schema\/person\/cada3fd4465ba52936f2ff0c14314ad6"},"headline":"L&#8217;UMG dans Couleurs locales","datePublished":"2021-01-21T08:37:06+00:00","dateModified":"2021-03-09T06:45:40+00:00","mainEntityOfPage":{"@id":"https:\/\/umg.ch\/de\/lumg-dans-couleurs-locales\/"},"wordCount":47,"image":{"@id":"https:\/\/umg.ch\/de\/lumg-dans-couleurs-locales\/#primaryimage"},"thumbnailUrl":"https:\/\/umg.ch\/wp-content\/uploads\/2021\/01\/index.jpg","articleSection":["Actualit\u00e9s"],"inLanguage":"de"},{"@type":"WebPage","@id":"https:\/\/umg.ch\/de\/lumg-dans-couleurs-locales\/","url":"https:\/\/umg.ch\/de\/lumg-dans-couleurs-locales\/","name":"L'UMG dans Couleurs locales - Union Mara\u00eech\u00e8re de Gen\u00e8ve","isPartOf":{"@id":"https:\/\/umg.ch\/de\/#website"},"primaryImageOfPage":{"@id":"https:\/\/umg.ch\/de\/lumg-dans-couleurs-locales\/#primaryimage"},"image":{"@id":"https:\/\/umg.ch\/de\/lumg-dans-couleurs-locales\/#primaryimage"},"thumbnailUrl":"https:\/\/umg.ch\/wp-content\/uploads\/2021\/01\/index.jpg","datePublished":"2021-01-21T08:37:06+00:00","dateModified":"2021-03-09T06:45:40+00:00","author":{"@id":"https:\/\/umg.ch\/de\/#\/schema\/person\/cada3fd4465ba52936f2ff0c14314ad6"},"breadcrumb":{"@id":"https:\/\/umg.ch\/de\/lumg-dans-couleurs-locales\/#breadcrumb"},"inLanguage":"de","potentialAction":[{"@type":"ReadAction","target":["https:\/\/umg.ch\/de\/lumg-dans-couleurs-locales\/"]}]},{"@type":"ImageObject","inLanguage":"de","@id":"https:\/\/umg.ch\/de\/lumg-dans-couleurs-locales\/#primaryimage","url":"https:\/\/umg.ch\/wp-content\/uploads\/2021\/01\/index.jpg","contentUrl":"https:\/\/umg.ch\/wp-content\/uploads\/2021\/01\/index.jpg","width":180,"height":180},{"@type":"BreadcrumbList","@id":"https:\/\/umg.ch\/de\/lumg-dans-couleurs-locales\/#breadcrumb","itemListElement":[{"@type":"ListItem","position":1,"name":"Startseite","item":"https:\/\/umg.ch\/de\/"},{"@type":"ListItem","position":2,"name":"L&rsquo;UMG dans Couleurs locales"}]},{"@type":"WebSite","@id":"https:\/\/umg.ch\/de\/#website","url":"https:\/\/umg.ch\/de\/","name":"Union Mara\u00eech\u00e8re de Gen\u00e8ve","description":"Un terroir et des hommes","potentialAction":[{"@type":"SearchAction","target":{"@type":"EntryPoint","urlTemplate":"https:\/\/umg.ch\/de\/?s={search_term_string}"},"query-input":{"@type":"PropertyValueSpecification","valueRequired":true,"valueName":"search_term_string"}}],"inLanguage":"de"},{"@type":"Person","@id":"https:\/\/umg.ch\/de\/#\/schema\/person\/cada3fd4465ba52936f2ff0c14314ad6","name":"Aur\u00e9lien Picaud","image":{"@type":"ImageObject","inLanguage":"de","@id":"https:\/\/secure.gravatar.com\/avatar\/404f0c8c1b5a5e3d478363d3264c05c4e8927c278998cb16f8049d97c627cdf1?s=96&d=mm&r=g","url":"https:\/\/secure.gravatar.com\/avatar\/404f0c8c1b5a5e3d478363d3264c05c4e8927c278998cb16f8049d97c627cdf1?s=96&d=mm&r=g","contentUrl":"https:\/\/secure.gravatar.com\/avatar\/404f0c8c1b5a5e3d478363d3264c05c4e8927c278998cb16f8049d97c627cdf1?s=96&d=mm&r=g","caption":"Aur\u00e9lien Picaud"},"url":"https:\/\/umg.ch\/de\/author\/apicaud\/"}]}},"_links":{"self":[{"href":"https:\/\/umg.ch\/de\/wp-json\/wp\/v2\/posts\/3697","targetHints":{"allow":["GET"]}}],"collection":[{"href":"https:\/\/umg.ch\/de\/wp-json\/wp\/v2\/posts"}],"about":[{"href":"https:\/\/umg.ch\/de\/wp-json\/wp\/v2\/types\/post"}],"author":[{"embeddable":true,"href":"https:\/\/umg.ch\/de\/wp-json\/wp\/v2\/users\/3"}],"replies":[{"embeddable":true,"href":"https:\/\/umg.ch\/de\/wp-json\/wp\/v2\/comments?post=3697"}],"version-history":[{"count":1,"href":"https:\/\/umg.ch\/de\/wp-json\/wp\/v2\/posts\/3697\/revisions"}],"predecessor-version":[{"id":3700,"href":"https:\/\/umg.ch\/de\/wp-json\/wp\/v2\/posts\/3697\/revisions\/3700"}],"wp:featuredmedia":[{"embeddable":true,"href":"https:\/\/umg.ch\/de\/wp-json\/wp\/v2\/media\/3702"}],"wp:attachment":[{"href":"https:\/\/umg.ch\/de\/wp-json\/wp\/v2\/media?parent=3697"}],"wp:term":[{"taxonomy":"category","embeddable":true,"href":"https:\/\/umg.ch\/de\/wp-json\/wp\/v2\/categories?post=3697"},{"taxonomy":"post_tag","embeddable":true,"href":"https:\/\/umg.ch\/de\/wp-json\/wp\/v2\/tags?post=3697"}],"curies":[{"name":"wp","href":"https:\/\/api.w.org\/{rel}","templated":true}]}}