{"id":342,"date":"2018-08-22T15:09:19","date_gmt":"2018-08-22T13:09:19","guid":{"rendered":"https:\/\/umg.ch\/?p=342"},"modified":"2018-11-26T13:51:59","modified_gmt":"2018-11-26T12:51:59","slug":"leman-bleu-zoom-sur-jeremy-blondin-maraicher-cote-jardin","status":"publish","type":"post","link":"https:\/\/umg.ch\/de\/leman-bleu-zoom-sur-jeremy-blondin-maraicher-cote-jardin\/","title":{"rendered":"L\u00e9man Bleu : zoom sur Jeremy Blondin, mara\u00eecher C\u00f4t\u00e9 Jardin"},"content":{"rendered":"<p>Nous avons ouvert nos portes \u00e0 l&#8217;\u00e9mission Objectif terre de L\u00e9man Bleu.<\/p>\n<p>Jeremy vous pr\u00e9sente les serres de tomates et la fa\u00e7on dont elles sont cultiv\u00e9es.<\/p>\n<p>Mara\u00eecher C\u00f4t\u00e9 Jardin, il produit principalement des tomates anciennes<\/p>\n<p>&nbsp;<\/p>\n","protected":false},"excerpt":{"rendered":"<p>Nous avons ouvert nos portes \u00e0 l&#8217;\u00e9mission Objectif terre de L\u00e9man Bleu. Jeremy vous pr\u00e9sente les serres de tomates et la fa\u00e7on dont elles sont cultiv\u00e9es. Mara\u00eecher C\u00f4t\u00e9 Jardin, il [&hellip;]<\/p>\n","protected":false},"author":3,"featured_media":353,"comment_status":"closed","ping_status":"closed","sticky":false,"template":"","format":"standard","meta":{"_acf_changed":false,"inline_featured_image":false,"footnotes":""},"categories":[1],"tags":[],"class_list":["post-342","post","type-post","status-publish","format-standard","has-post-thumbnail","hentry","category-non-classifiee"],"acf":[],"yoast_head":"<!-- This site is optimized with the Yoast SEO plugin v27.4 - https:\/\/yoast.com\/product\/yoast-seo-wordpress\/ -->\n<title>L\u00e9man Bleu : zoom sur Jeremy Blondin, mara\u00eecher C\u00f4t\u00e9 Jardin - Union Mara\u00eech\u00e8re de Gen\u00e8ve<\/title>\n<meta name=\"robots\" content=\"index, follow, max-snippet:-1, max-image-preview:large, max-video-preview:-1\" \/>\n<link rel=\"canonical\" href=\"https:\/\/umg.ch\/de\/leman-bleu-zoom-sur-jeremy-blondin-maraicher-cote-jardin\/\" \/>\n<meta property=\"og:locale\" content=\"de_DE\" \/>\n<meta property=\"og:type\" content=\"article\" \/>\n<meta property=\"og:title\" content=\"L\u00e9man Bleu : zoom sur Jeremy Blondin, mara\u00eecher C\u00f4t\u00e9 Jardin - Union Mara\u00eech\u00e8re de Gen\u00e8ve\" \/>\n<meta property=\"og:description\" content=\"Nous avons ouvert nos portes \u00e0 l&#8217;\u00e9mission Objectif terre de L\u00e9man Bleu. Jeremy vous pr\u00e9sente les serres de tomates et la fa\u00e7on dont elles sont cultiv\u00e9es. Mara\u00eecher C\u00f4t\u00e9 Jardin, il [&hellip;]\" \/>\n<meta property=\"og:url\" content=\"https:\/\/umg.ch\/de\/leman-bleu-zoom-sur-jeremy-blondin-maraicher-cote-jardin\/\" \/>\n<meta property=\"og:site_name\" content=\"Union Mara\u00eech\u00e8re de Gen\u00e8ve\" \/>\n<meta property=\"article:published_time\" content=\"2018-08-22T13:09:19+00:00\" \/>\n<meta property=\"article:modified_time\" content=\"2018-11-26T12:51:59+00:00\" \/>\n<meta property=\"og:image\" content=\"https:\/\/umg.ch\/wp-content\/uploads\/2018\/08\/safe_image.php_.png\" \/>\n\t<meta property=\"og:image:width\" content=\"476\" \/>\n\t<meta property=\"og:image:height\" content=\"249\" \/>\n\t<meta property=\"og:image:type\" content=\"image\/png\" \/>\n<meta name=\"author\" content=\"Aur\u00e9lien Picaud\" \/>\n<meta name=\"twitter:card\" content=\"summary_large_image\" \/>\n<meta name=\"twitter:label1\" content=\"Verfasst von\" \/>\n\t<meta name=\"twitter:data1\" content=\"Aur\u00e9lien Picaud\" \/>\n<script type=\"application\/ld+json\" class=\"yoast-schema-graph\">{\"@context\":\"https:\\\/\\\/schema.org\",\"@graph\":[{\"@type\":\"Article\",\"@id\":\"https:\\\/\\\/umg.ch\\\/de\\\/leman-bleu-zoom-sur-jeremy-blondin-maraicher-cote-jardin\\\/#article\",\"isPartOf\":{\"@id\":\"https:\\\/\\\/umg.ch\\\/de\\\/leman-bleu-zoom-sur-jeremy-blondin-maraicher-cote-jardin\\\/\"},\"author\":{\"name\":\"Aur\u00e9lien Picaud\",\"@id\":\"https:\\\/\\\/umg.ch\\\/de\\\/#\\\/schema\\\/person\\\/cada3fd4465ba52936f2ff0c14314ad6\"},\"headline\":\"L\u00e9man Bleu : zoom sur Jeremy Blondin, mara\u00eecher C\u00f4t\u00e9 Jardin\",\"datePublished\":\"2018-08-22T13:09:19+00:00\",\"dateModified\":\"2018-11-26T12:51:59+00:00\",\"mainEntityOfPage\":{\"@id\":\"https:\\\/\\\/umg.ch\\\/de\\\/leman-bleu-zoom-sur-jeremy-blondin-maraicher-cote-jardin\\\/\"},\"wordCount\":54,\"image\":{\"@id\":\"https:\\\/\\\/umg.ch\\\/de\\\/leman-bleu-zoom-sur-jeremy-blondin-maraicher-cote-jardin\\\/#primaryimage\"},\"thumbnailUrl\":\"https:\\\/\\\/umg.ch\\\/wp-content\\\/uploads\\\/2018\\\/08\\\/safe_image.php_.png\",\"articleSection\":[\"Non classifi\u00e9(e)\"],\"inLanguage\":\"de\"},{\"@type\":\"WebPage\",\"@id\":\"https:\\\/\\\/umg.ch\\\/de\\\/leman-bleu-zoom-sur-jeremy-blondin-maraicher-cote-jardin\\\/\",\"url\":\"https:\\\/\\\/umg.ch\\\/de\\\/leman-bleu-zoom-sur-jeremy-blondin-maraicher-cote-jardin\\\/\",\"name\":\"L\u00e9man Bleu : zoom sur Jeremy Blondin, mara\u00eecher C\u00f4t\u00e9 Jardin - Union Mara\u00eech\u00e8re de Gen\u00e8ve\",\"isPartOf\":{\"@id\":\"https:\\\/\\\/umg.ch\\\/de\\\/#website\"},\"primaryImageOfPage\":{\"@id\":\"https:\\\/\\\/umg.ch\\\/de\\\/leman-bleu-zoom-sur-jeremy-blondin-maraicher-cote-jardin\\\/#primaryimage\"},\"image\":{\"@id\":\"https:\\\/\\\/umg.ch\\\/de\\\/leman-bleu-zoom-sur-jeremy-blondin-maraicher-cote-jardin\\\/#primaryimage\"},\"thumbnailUrl\":\"https:\\\/\\\/umg.ch\\\/wp-content\\\/uploads\\\/2018\\\/08\\\/safe_image.php_.png\",\"datePublished\":\"2018-08-22T13:09:19+00:00\",\"dateModified\":\"2018-11-26T12:51:59+00:00\",\"author\":{\"@id\":\"https:\\\/\\\/umg.ch\\\/de\\\/#\\\/schema\\\/person\\\/cada3fd4465ba52936f2ff0c14314ad6\"},\"breadcrumb\":{\"@id\":\"https:\\\/\\\/umg.ch\\\/de\\\/leman-bleu-zoom-sur-jeremy-blondin-maraicher-cote-jardin\\\/#breadcrumb\"},\"inLanguage\":\"de\",\"potentialAction\":[{\"@type\":\"ReadAction\",\"target\":[\"https:\\\/\\\/umg.ch\\\/de\\\/leman-bleu-zoom-sur-jeremy-blondin-maraicher-cote-jardin\\\/\"]}]},{\"@type\":\"ImageObject\",\"inLanguage\":\"de\",\"@id\":\"https:\\\/\\\/umg.ch\\\/de\\\/leman-bleu-zoom-sur-jeremy-blondin-maraicher-cote-jardin\\\/#primaryimage\",\"url\":\"https:\\\/\\\/umg.ch\\\/wp-content\\\/uploads\\\/2018\\\/08\\\/safe_image.php_.png\",\"contentUrl\":\"https:\\\/\\\/umg.ch\\\/wp-content\\\/uploads\\\/2018\\\/08\\\/safe_image.php_.png\",\"width\":476,\"height\":249},{\"@type\":\"BreadcrumbList\",\"@id\":\"https:\\\/\\\/umg.ch\\\/de\\\/leman-bleu-zoom-sur-jeremy-blondin-maraicher-cote-jardin\\\/#breadcrumb\",\"itemListElement\":[{\"@type\":\"ListItem\",\"position\":1,\"name\":\"Startseite\",\"item\":\"https:\\\/\\\/umg.ch\\\/de\\\/\"},{\"@type\":\"ListItem\",\"position\":2,\"name\":\"L\u00e9man Bleu : zoom sur Jeremy Blondin, mara\u00eecher C\u00f4t\u00e9 Jardin\"}]},{\"@type\":\"WebSite\",\"@id\":\"https:\\\/\\\/umg.ch\\\/de\\\/#website\",\"url\":\"https:\\\/\\\/umg.ch\\\/de\\\/\",\"name\":\"Union Mara\u00eech\u00e8re de Gen\u00e8ve\",\"description\":\"Un terroir et des hommes\",\"potentialAction\":[{\"@type\":\"SearchAction\",\"target\":{\"@type\":\"EntryPoint\",\"urlTemplate\":\"https:\\\/\\\/umg.ch\\\/de\\\/?s={search_term_string}\"},\"query-input\":{\"@type\":\"PropertyValueSpecification\",\"valueRequired\":true,\"valueName\":\"search_term_string\"}}],\"inLanguage\":\"de\"},{\"@type\":\"Person\",\"@id\":\"https:\\\/\\\/umg.ch\\\/de\\\/#\\\/schema\\\/person\\\/cada3fd4465ba52936f2ff0c14314ad6\",\"name\":\"Aur\u00e9lien Picaud\",\"image\":{\"@type\":\"ImageObject\",\"inLanguage\":\"de\",\"@id\":\"https:\\\/\\\/secure.gravatar.com\\\/avatar\\\/404f0c8c1b5a5e3d478363d3264c05c4e8927c278998cb16f8049d97c627cdf1?s=96&d=mm&r=g\",\"url\":\"https:\\\/\\\/secure.gravatar.com\\\/avatar\\\/404f0c8c1b5a5e3d478363d3264c05c4e8927c278998cb16f8049d97c627cdf1?s=96&d=mm&r=g\",\"contentUrl\":\"https:\\\/\\\/secure.gravatar.com\\\/avatar\\\/404f0c8c1b5a5e3d478363d3264c05c4e8927c278998cb16f8049d97c627cdf1?s=96&d=mm&r=g\",\"caption\":\"Aur\u00e9lien Picaud\"},\"url\":\"https:\\\/\\\/umg.ch\\\/de\\\/author\\\/apicaud\\\/\"}]}<\/script>\n<!-- \/ Yoast SEO plugin. -->","yoast_head_json":{"title":"L\u00e9man Bleu : zoom sur Jeremy Blondin, mara\u00eecher C\u00f4t\u00e9 Jardin - Union Mara\u00eech\u00e8re de Gen\u00e8ve","robots":{"index":"index","follow":"follow","max-snippet":"max-snippet:-1","max-image-preview":"max-image-preview:large","max-video-preview":"max-video-preview:-1"},"canonical":"https:\/\/umg.ch\/de\/leman-bleu-zoom-sur-jeremy-blondin-maraicher-cote-jardin\/","og_locale":"de_DE","og_type":"article","og_title":"L\u00e9man Bleu : zoom sur Jeremy Blondin, mara\u00eecher C\u00f4t\u00e9 Jardin - Union Mara\u00eech\u00e8re de Gen\u00e8ve","og_description":"Nous avons ouvert nos portes \u00e0 l&#8217;\u00e9mission Objectif terre de L\u00e9man Bleu. Jeremy vous pr\u00e9sente les serres de tomates et la fa\u00e7on dont elles sont cultiv\u00e9es. Mara\u00eecher C\u00f4t\u00e9 Jardin, il [&hellip;]","og_url":"https:\/\/umg.ch\/de\/leman-bleu-zoom-sur-jeremy-blondin-maraicher-cote-jardin\/","og_site_name":"Union Mara\u00eech\u00e8re de Gen\u00e8ve","article_published_time":"2018-08-22T13:09:19+00:00","article_modified_time":"2018-11-26T12:51:59+00:00","og_image":[{"width":476,"height":249,"url":"https:\/\/umg.ch\/wp-content\/uploads\/2018\/08\/safe_image.php_.png","type":"image\/png"}],"author":"Aur\u00e9lien Picaud","twitter_card":"summary_large_image","twitter_misc":{"Verfasst von":"Aur\u00e9lien Picaud"},"schema":{"@context":"https:\/\/schema.org","@graph":[{"@type":"Article","@id":"https:\/\/umg.ch\/de\/leman-bleu-zoom-sur-jeremy-blondin-maraicher-cote-jardin\/#article","isPartOf":{"@id":"https:\/\/umg.ch\/de\/leman-bleu-zoom-sur-jeremy-blondin-maraicher-cote-jardin\/"},"author":{"name":"Aur\u00e9lien Picaud","@id":"https:\/\/umg.ch\/de\/#\/schema\/person\/cada3fd4465ba52936f2ff0c14314ad6"},"headline":"L\u00e9man Bleu : zoom sur Jeremy Blondin, mara\u00eecher C\u00f4t\u00e9 Jardin","datePublished":"2018-08-22T13:09:19+00:00","dateModified":"2018-11-26T12:51:59+00:00","mainEntityOfPage":{"@id":"https:\/\/umg.ch\/de\/leman-bleu-zoom-sur-jeremy-blondin-maraicher-cote-jardin\/"},"wordCount":54,"image":{"@id":"https:\/\/umg.ch\/de\/leman-bleu-zoom-sur-jeremy-blondin-maraicher-cote-jardin\/#primaryimage"},"thumbnailUrl":"https:\/\/umg.ch\/wp-content\/uploads\/2018\/08\/safe_image.php_.png","articleSection":["Non classifi\u00e9(e)"],"inLanguage":"de"},{"@type":"WebPage","@id":"https:\/\/umg.ch\/de\/leman-bleu-zoom-sur-jeremy-blondin-maraicher-cote-jardin\/","url":"https:\/\/umg.ch\/de\/leman-bleu-zoom-sur-jeremy-blondin-maraicher-cote-jardin\/","name":"L\u00e9man Bleu : zoom sur Jeremy Blondin, mara\u00eecher C\u00f4t\u00e9 Jardin - Union Mara\u00eech\u00e8re de Gen\u00e8ve","isPartOf":{"@id":"https:\/\/umg.ch\/de\/#website"},"primaryImageOfPage":{"@id":"https:\/\/umg.ch\/de\/leman-bleu-zoom-sur-jeremy-blondin-maraicher-cote-jardin\/#primaryimage"},"image":{"@id":"https:\/\/umg.ch\/de\/leman-bleu-zoom-sur-jeremy-blondin-maraicher-cote-jardin\/#primaryimage"},"thumbnailUrl":"https:\/\/umg.ch\/wp-content\/uploads\/2018\/08\/safe_image.php_.png","datePublished":"2018-08-22T13:09:19+00:00","dateModified":"2018-11-26T12:51:59+00:00","author":{"@id":"https:\/\/umg.ch\/de\/#\/schema\/person\/cada3fd4465ba52936f2ff0c14314ad6"},"breadcrumb":{"@id":"https:\/\/umg.ch\/de\/leman-bleu-zoom-sur-jeremy-blondin-maraicher-cote-jardin\/#breadcrumb"},"inLanguage":"de","potentialAction":[{"@type":"ReadAction","target":["https:\/\/umg.ch\/de\/leman-bleu-zoom-sur-jeremy-blondin-maraicher-cote-jardin\/"]}]},{"@type":"ImageObject","inLanguage":"de","@id":"https:\/\/umg.ch\/de\/leman-bleu-zoom-sur-jeremy-blondin-maraicher-cote-jardin\/#primaryimage","url":"https:\/\/umg.ch\/wp-content\/uploads\/2018\/08\/safe_image.php_.png","contentUrl":"https:\/\/umg.ch\/wp-content\/uploads\/2018\/08\/safe_image.php_.png","width":476,"height":249},{"@type":"BreadcrumbList","@id":"https:\/\/umg.ch\/de\/leman-bleu-zoom-sur-jeremy-blondin-maraicher-cote-jardin\/#breadcrumb","itemListElement":[{"@type":"ListItem","position":1,"name":"Startseite","item":"https:\/\/umg.ch\/de\/"},{"@type":"ListItem","position":2,"name":"L\u00e9man Bleu : zoom sur Jeremy Blondin, mara\u00eecher C\u00f4t\u00e9 Jardin"}]},{"@type":"WebSite","@id":"https:\/\/umg.ch\/de\/#website","url":"https:\/\/umg.ch\/de\/","name":"Union Mara\u00eech\u00e8re de Gen\u00e8ve","description":"Un terroir et des hommes","potentialAction":[{"@type":"SearchAction","target":{"@type":"EntryPoint","urlTemplate":"https:\/\/umg.ch\/de\/?s={search_term_string}"},"query-input":{"@type":"PropertyValueSpecification","valueRequired":true,"valueName":"search_term_string"}}],"inLanguage":"de"},{"@type":"Person","@id":"https:\/\/umg.ch\/de\/#\/schema\/person\/cada3fd4465ba52936f2ff0c14314ad6","name":"Aur\u00e9lien Picaud","image":{"@type":"ImageObject","inLanguage":"de","@id":"https:\/\/secure.gravatar.com\/avatar\/404f0c8c1b5a5e3d478363d3264c05c4e8927c278998cb16f8049d97c627cdf1?s=96&d=mm&r=g","url":"https:\/\/secure.gravatar.com\/avatar\/404f0c8c1b5a5e3d478363d3264c05c4e8927c278998cb16f8049d97c627cdf1?s=96&d=mm&r=g","contentUrl":"https:\/\/secure.gravatar.com\/avatar\/404f0c8c1b5a5e3d478363d3264c05c4e8927c278998cb16f8049d97c627cdf1?s=96&d=mm&r=g","caption":"Aur\u00e9lien Picaud"},"url":"https:\/\/umg.ch\/de\/author\/apicaud\/"}]}},"_links":{"self":[{"href":"https:\/\/umg.ch\/de\/wp-json\/wp\/v2\/posts\/342","targetHints":{"allow":["GET"]}}],"collection":[{"href":"https:\/\/umg.ch\/de\/wp-json\/wp\/v2\/posts"}],"about":[{"href":"https:\/\/umg.ch\/de\/wp-json\/wp\/v2\/types\/post"}],"author":[{"embeddable":true,"href":"https:\/\/umg.ch\/de\/wp-json\/wp\/v2\/users\/3"}],"replies":[{"embeddable":true,"href":"https:\/\/umg.ch\/de\/wp-json\/wp\/v2\/comments?post=342"}],"version-history":[{"count":6,"href":"https:\/\/umg.ch\/de\/wp-json\/wp\/v2\/posts\/342\/revisions"}],"predecessor-version":[{"id":354,"href":"https:\/\/umg.ch\/de\/wp-json\/wp\/v2\/posts\/342\/revisions\/354"}],"wp:featuredmedia":[{"embeddable":true,"href":"https:\/\/umg.ch\/de\/wp-json\/wp\/v2\/media\/353"}],"wp:attachment":[{"href":"https:\/\/umg.ch\/de\/wp-json\/wp\/v2\/media?parent=342"}],"wp:term":[{"taxonomy":"category","embeddable":true,"href":"https:\/\/umg.ch\/de\/wp-json\/wp\/v2\/categories?post=342"},{"taxonomy":"post_tag","embeddable":true,"href":"https:\/\/umg.ch\/de\/wp-json\/wp\/v2\/tags?post=342"}],"curies":[{"name":"wp","href":"https:\/\/api.w.org\/{rel}","templated":true}]}}