{"id":3364,"date":"2020-08-19T17:33:04","date_gmt":"2020-08-19T15:33:04","guid":{"rendered":"https:\/\/umg.ch\/05-06-septembre-2020-festiterroir\/"},"modified":"2020-12-15T08:45:10","modified_gmt":"2020-12-15T07:45:10","slug":"05-06-septembre-2020-festiterroir","status":"publish","type":"post","link":"https:\/\/umg.ch\/de\/05-06-septembre-2020-festiterroir\/","title":{"rendered":"5. und 6. September 2020: Festi\u2019terroir"},"content":{"rendered":"\n<p>Die zweite Ausgabe des Festi\u2019Terroir, an der auch die Union Mara\u00eech\u00e8re teilnimmt, findet am 5.&nbsp;und 6.&nbsp;September 2020 im Parc des Bastions statt.<\/p>\n\n\n\n<p>Dieses Festival dreht sich rund um die regionale Landwirtschaft, mit einem besonderen Schwerpunkt auf dem Direktverkauf und dem Bio-Anbau.<\/p>\n\n\n\n<p>Ein grosser Markt mit zahlreichen Produzentinnen und Produzenten, Gourmetprofis und Winzern bildet das Herzst\u00fcck des Festes und eine einzigartige Gelegenheit, die Akteurinnen und Akteure aus der Region Genf kennenzulernen! Verpflegung, Brunch, Konzerte, Diskussionsrunden, Workshops und Vorstellungen f\u00fcr Gross und Klein geh\u00f6ren ebenfalls zur Veranstaltung.<\/p>\n\n\n\n<p><strong><strong>Programm:<\/strong><\/strong><br>Samstag, 5.\u00a0September: 10\u201322\u00a0Uhr<br>Sonntag, 6.\u00a0September: 10\u201318\u00a0Uhr<br>Parc des Bastions, Genf<\/p>\n\n\n\n<p><a href=\"http:\/\/www.festiterroir.ch\" target=\"_blank\" rel=\"noreferrer noopener\">www.festiterroir.ch<\/a><\/p>\n","protected":false},"excerpt":{"rendered":"<p>Die zweite Ausgabe des Festi\u2019Terroir, an der auch die Union Mara\u00eech\u00e8re teilnimmt, findet am 5.&nbsp;und 6.&nbsp;September 2020 im Parc des Bastions statt. Dieses Festival dreht sich rund um die regionale [&hellip;]<\/p>\n","protected":false},"author":1,"featured_media":3365,"comment_status":"closed","ping_status":"closed","sticky":false,"template":"","format":"standard","meta":{"_acf_changed":false,"inline_featured_image":false,"footnotes":""},"categories":[57,59],"tags":[],"class_list":["post-3364","post","type-post","status-publish","format-standard","has-post-thumbnail","hentry","category-news","category-veranstaltungen"],"acf":[],"yoast_head":"<!-- This site is optimized with the Yoast SEO plugin v27.4 - https:\/\/yoast.com\/product\/yoast-seo-wordpress\/ -->\n<title>5. und 6. September 2020: Festi\u2019terroir - Union Mara\u00eech\u00e8re de Gen\u00e8ve<\/title>\n<meta name=\"robots\" content=\"index, follow, max-snippet:-1, max-image-preview:large, max-video-preview:-1\" \/>\n<link rel=\"canonical\" href=\"https:\/\/umg.ch\/de\/05-06-septembre-2020-festiterroir\/\" \/>\n<meta property=\"og:locale\" content=\"de_DE\" \/>\n<meta property=\"og:type\" content=\"article\" \/>\n<meta property=\"og:title\" content=\"5. und 6. September 2020: Festi\u2019terroir - Union Mara\u00eech\u00e8re de Gen\u00e8ve\" \/>\n<meta property=\"og:description\" content=\"Die zweite Ausgabe des Festi\u2019Terroir, an der auch die Union Mara\u00eech\u00e8re teilnimmt, findet am 5.&nbsp;und 6.&nbsp;September 2020 im Parc des Bastions statt. Dieses Festival dreht sich rund um die regionale [&hellip;]\" \/>\n<meta property=\"og:url\" content=\"https:\/\/umg.ch\/de\/05-06-septembre-2020-festiterroir\/\" \/>\n<meta property=\"og:site_name\" content=\"Union Mara\u00eech\u00e8re de Gen\u00e8ve\" \/>\n<meta property=\"article:published_time\" content=\"2020-08-19T15:33:04+00:00\" \/>\n<meta property=\"article:modified_time\" content=\"2020-12-15T07:45:10+00:00\" \/>\n<meta property=\"og:image\" content=\"https:\/\/umg.ch\/wp-content\/uploads\/2020\/08\/FT_Acceuil_site4.jpg\" \/>\n\t<meta property=\"og:image:width\" content=\"1500\" \/>\n\t<meta property=\"og:image:height\" content=\"1000\" \/>\n\t<meta property=\"og:image:type\" content=\"image\/jpeg\" \/>\n<meta name=\"author\" content=\"devsector\" \/>\n<meta name=\"twitter:card\" content=\"summary_large_image\" \/>\n<meta name=\"twitter:label1\" content=\"Verfasst von\" \/>\n\t<meta name=\"twitter:data1\" content=\"devsector\" \/>\n\t<meta name=\"twitter:label2\" content=\"Gesch\u00e4tzte Lesezeit\" \/>\n\t<meta name=\"twitter:data2\" content=\"1\u00a0Minute\" \/>\n<script type=\"application\/ld+json\" class=\"yoast-schema-graph\">{\"@context\":\"https:\\\/\\\/schema.org\",\"@graph\":[{\"@type\":\"Article\",\"@id\":\"https:\\\/\\\/umg.ch\\\/de\\\/05-06-septembre-2020-festiterroir\\\/#article\",\"isPartOf\":{\"@id\":\"https:\\\/\\\/umg.ch\\\/de\\\/05-06-septembre-2020-festiterroir\\\/\"},\"author\":{\"name\":\"devsector\",\"@id\":\"https:\\\/\\\/umg.ch\\\/de\\\/#\\\/schema\\\/person\\\/f89dfd445184ca335617a76d21bda69b\"},\"headline\":\"5. und 6. September 2020: Festi\u2019terroir\",\"datePublished\":\"2020-08-19T15:33:04+00:00\",\"dateModified\":\"2020-12-15T07:45:10+00:00\",\"mainEntityOfPage\":{\"@id\":\"https:\\\/\\\/umg.ch\\\/de\\\/05-06-septembre-2020-festiterroir\\\/\"},\"wordCount\":108,\"image\":{\"@id\":\"https:\\\/\\\/umg.ch\\\/de\\\/05-06-septembre-2020-festiterroir\\\/#primaryimage\"},\"thumbnailUrl\":\"https:\\\/\\\/umg.ch\\\/wp-content\\\/uploads\\\/2020\\\/08\\\/FT_Acceuil_site4.jpg\",\"articleSection\":[\"News\",\"Veranstaltungen\"],\"inLanguage\":\"de\"},{\"@type\":\"WebPage\",\"@id\":\"https:\\\/\\\/umg.ch\\\/de\\\/05-06-septembre-2020-festiterroir\\\/\",\"url\":\"https:\\\/\\\/umg.ch\\\/de\\\/05-06-septembre-2020-festiterroir\\\/\",\"name\":\"5. und 6. September 2020: Festi\u2019terroir - Union Mara\u00eech\u00e8re de Gen\u00e8ve\",\"isPartOf\":{\"@id\":\"https:\\\/\\\/umg.ch\\\/de\\\/#website\"},\"primaryImageOfPage\":{\"@id\":\"https:\\\/\\\/umg.ch\\\/de\\\/05-06-septembre-2020-festiterroir\\\/#primaryimage\"},\"image\":{\"@id\":\"https:\\\/\\\/umg.ch\\\/de\\\/05-06-septembre-2020-festiterroir\\\/#primaryimage\"},\"thumbnailUrl\":\"https:\\\/\\\/umg.ch\\\/wp-content\\\/uploads\\\/2020\\\/08\\\/FT_Acceuil_site4.jpg\",\"datePublished\":\"2020-08-19T15:33:04+00:00\",\"dateModified\":\"2020-12-15T07:45:10+00:00\",\"author\":{\"@id\":\"https:\\\/\\\/umg.ch\\\/de\\\/#\\\/schema\\\/person\\\/f89dfd445184ca335617a76d21bda69b\"},\"breadcrumb\":{\"@id\":\"https:\\\/\\\/umg.ch\\\/de\\\/05-06-septembre-2020-festiterroir\\\/#breadcrumb\"},\"inLanguage\":\"de\",\"potentialAction\":[{\"@type\":\"ReadAction\",\"target\":[\"https:\\\/\\\/umg.ch\\\/de\\\/05-06-septembre-2020-festiterroir\\\/\"]}]},{\"@type\":\"ImageObject\",\"inLanguage\":\"de\",\"@id\":\"https:\\\/\\\/umg.ch\\\/de\\\/05-06-septembre-2020-festiterroir\\\/#primaryimage\",\"url\":\"https:\\\/\\\/umg.ch\\\/wp-content\\\/uploads\\\/2020\\\/08\\\/FT_Acceuil_site4.jpg\",\"contentUrl\":\"https:\\\/\\\/umg.ch\\\/wp-content\\\/uploads\\\/2020\\\/08\\\/FT_Acceuil_site4.jpg\",\"width\":1500,\"height\":1000},{\"@type\":\"BreadcrumbList\",\"@id\":\"https:\\\/\\\/umg.ch\\\/de\\\/05-06-septembre-2020-festiterroir\\\/#breadcrumb\",\"itemListElement\":[{\"@type\":\"ListItem\",\"position\":1,\"name\":\"Startseite\",\"item\":\"https:\\\/\\\/umg.ch\\\/de\\\/\"},{\"@type\":\"ListItem\",\"position\":2,\"name\":\"5. und 6. September 2020: Festi\u2019terroir\"}]},{\"@type\":\"WebSite\",\"@id\":\"https:\\\/\\\/umg.ch\\\/de\\\/#website\",\"url\":\"https:\\\/\\\/umg.ch\\\/de\\\/\",\"name\":\"Union Mara\u00eech\u00e8re de Gen\u00e8ve\",\"description\":\"Un terroir et des hommes\",\"potentialAction\":[{\"@type\":\"SearchAction\",\"target\":{\"@type\":\"EntryPoint\",\"urlTemplate\":\"https:\\\/\\\/umg.ch\\\/de\\\/?s={search_term_string}\"},\"query-input\":{\"@type\":\"PropertyValueSpecification\",\"valueRequired\":true,\"valueName\":\"search_term_string\"}}],\"inLanguage\":\"de\"},{\"@type\":\"Person\",\"@id\":\"https:\\\/\\\/umg.ch\\\/de\\\/#\\\/schema\\\/person\\\/f89dfd445184ca335617a76d21bda69b\",\"name\":\"devsector\",\"image\":{\"@type\":\"ImageObject\",\"inLanguage\":\"de\",\"@id\":\"https:\\\/\\\/secure.gravatar.com\\\/avatar\\\/e9c6783c2c8f03849ffe6ef0b9e0a9000ef0d32989121a94fb14bab77f8dd741?s=96&d=mm&r=g\",\"url\":\"https:\\\/\\\/secure.gravatar.com\\\/avatar\\\/e9c6783c2c8f03849ffe6ef0b9e0a9000ef0d32989121a94fb14bab77f8dd741?s=96&d=mm&r=g\",\"contentUrl\":\"https:\\\/\\\/secure.gravatar.com\\\/avatar\\\/e9c6783c2c8f03849ffe6ef0b9e0a9000ef0d32989121a94fb14bab77f8dd741?s=96&d=mm&r=g\",\"caption\":\"devsector\"},\"url\":\"https:\\\/\\\/umg.ch\\\/de\\\/author\\\/devsector\\\/\"}]}<\/script>\n<!-- \/ Yoast SEO plugin. -->","yoast_head_json":{"title":"5. und 6. September 2020: Festi\u2019terroir - Union Mara\u00eech\u00e8re de Gen\u00e8ve","robots":{"index":"index","follow":"follow","max-snippet":"max-snippet:-1","max-image-preview":"max-image-preview:large","max-video-preview":"max-video-preview:-1"},"canonical":"https:\/\/umg.ch\/de\/05-06-septembre-2020-festiterroir\/","og_locale":"de_DE","og_type":"article","og_title":"5. und 6. September 2020: Festi\u2019terroir - Union Mara\u00eech\u00e8re de Gen\u00e8ve","og_description":"Die zweite Ausgabe des Festi\u2019Terroir, an der auch die Union Mara\u00eech\u00e8re teilnimmt, findet am 5.&nbsp;und 6.&nbsp;September 2020 im Parc des Bastions statt. Dieses Festival dreht sich rund um die regionale [&hellip;]","og_url":"https:\/\/umg.ch\/de\/05-06-septembre-2020-festiterroir\/","og_site_name":"Union Mara\u00eech\u00e8re de Gen\u00e8ve","article_published_time":"2020-08-19T15:33:04+00:00","article_modified_time":"2020-12-15T07:45:10+00:00","og_image":[{"width":1500,"height":1000,"url":"https:\/\/umg.ch\/wp-content\/uploads\/2020\/08\/FT_Acceuil_site4.jpg","type":"image\/jpeg"}],"author":"devsector","twitter_card":"summary_large_image","twitter_misc":{"Verfasst von":"devsector","Gesch\u00e4tzte Lesezeit":"1\u00a0Minute"},"schema":{"@context":"https:\/\/schema.org","@graph":[{"@type":"Article","@id":"https:\/\/umg.ch\/de\/05-06-septembre-2020-festiterroir\/#article","isPartOf":{"@id":"https:\/\/umg.ch\/de\/05-06-septembre-2020-festiterroir\/"},"author":{"name":"devsector","@id":"https:\/\/umg.ch\/de\/#\/schema\/person\/f89dfd445184ca335617a76d21bda69b"},"headline":"5. und 6. September 2020: Festi\u2019terroir","datePublished":"2020-08-19T15:33:04+00:00","dateModified":"2020-12-15T07:45:10+00:00","mainEntityOfPage":{"@id":"https:\/\/umg.ch\/de\/05-06-septembre-2020-festiterroir\/"},"wordCount":108,"image":{"@id":"https:\/\/umg.ch\/de\/05-06-septembre-2020-festiterroir\/#primaryimage"},"thumbnailUrl":"https:\/\/umg.ch\/wp-content\/uploads\/2020\/08\/FT_Acceuil_site4.jpg","articleSection":["News","Veranstaltungen"],"inLanguage":"de"},{"@type":"WebPage","@id":"https:\/\/umg.ch\/de\/05-06-septembre-2020-festiterroir\/","url":"https:\/\/umg.ch\/de\/05-06-septembre-2020-festiterroir\/","name":"5. und 6. September 2020: Festi\u2019terroir - Union Mara\u00eech\u00e8re de Gen\u00e8ve","isPartOf":{"@id":"https:\/\/umg.ch\/de\/#website"},"primaryImageOfPage":{"@id":"https:\/\/umg.ch\/de\/05-06-septembre-2020-festiterroir\/#primaryimage"},"image":{"@id":"https:\/\/umg.ch\/de\/05-06-septembre-2020-festiterroir\/#primaryimage"},"thumbnailUrl":"https:\/\/umg.ch\/wp-content\/uploads\/2020\/08\/FT_Acceuil_site4.jpg","datePublished":"2020-08-19T15:33:04+00:00","dateModified":"2020-12-15T07:45:10+00:00","author":{"@id":"https:\/\/umg.ch\/de\/#\/schema\/person\/f89dfd445184ca335617a76d21bda69b"},"breadcrumb":{"@id":"https:\/\/umg.ch\/de\/05-06-septembre-2020-festiterroir\/#breadcrumb"},"inLanguage":"de","potentialAction":[{"@type":"ReadAction","target":["https:\/\/umg.ch\/de\/05-06-septembre-2020-festiterroir\/"]}]},{"@type":"ImageObject","inLanguage":"de","@id":"https:\/\/umg.ch\/de\/05-06-septembre-2020-festiterroir\/#primaryimage","url":"https:\/\/umg.ch\/wp-content\/uploads\/2020\/08\/FT_Acceuil_site4.jpg","contentUrl":"https:\/\/umg.ch\/wp-content\/uploads\/2020\/08\/FT_Acceuil_site4.jpg","width":1500,"height":1000},{"@type":"BreadcrumbList","@id":"https:\/\/umg.ch\/de\/05-06-septembre-2020-festiterroir\/#breadcrumb","itemListElement":[{"@type":"ListItem","position":1,"name":"Startseite","item":"https:\/\/umg.ch\/de\/"},{"@type":"ListItem","position":2,"name":"5. und 6. September 2020: Festi\u2019terroir"}]},{"@type":"WebSite","@id":"https:\/\/umg.ch\/de\/#website","url":"https:\/\/umg.ch\/de\/","name":"Union Mara\u00eech\u00e8re de Gen\u00e8ve","description":"Un terroir et des hommes","potentialAction":[{"@type":"SearchAction","target":{"@type":"EntryPoint","urlTemplate":"https:\/\/umg.ch\/de\/?s={search_term_string}"},"query-input":{"@type":"PropertyValueSpecification","valueRequired":true,"valueName":"search_term_string"}}],"inLanguage":"de"},{"@type":"Person","@id":"https:\/\/umg.ch\/de\/#\/schema\/person\/f89dfd445184ca335617a76d21bda69b","name":"devsector","image":{"@type":"ImageObject","inLanguage":"de","@id":"https:\/\/secure.gravatar.com\/avatar\/e9c6783c2c8f03849ffe6ef0b9e0a9000ef0d32989121a94fb14bab77f8dd741?s=96&d=mm&r=g","url":"https:\/\/secure.gravatar.com\/avatar\/e9c6783c2c8f03849ffe6ef0b9e0a9000ef0d32989121a94fb14bab77f8dd741?s=96&d=mm&r=g","contentUrl":"https:\/\/secure.gravatar.com\/avatar\/e9c6783c2c8f03849ffe6ef0b9e0a9000ef0d32989121a94fb14bab77f8dd741?s=96&d=mm&r=g","caption":"devsector"},"url":"https:\/\/umg.ch\/de\/author\/devsector\/"}]}},"_links":{"self":[{"href":"https:\/\/umg.ch\/de\/wp-json\/wp\/v2\/posts\/3364","targetHints":{"allow":["GET"]}}],"collection":[{"href":"https:\/\/umg.ch\/de\/wp-json\/wp\/v2\/posts"}],"about":[{"href":"https:\/\/umg.ch\/de\/wp-json\/wp\/v2\/types\/post"}],"author":[{"embeddable":true,"href":"https:\/\/umg.ch\/de\/wp-json\/wp\/v2\/users\/1"}],"replies":[{"embeddable":true,"href":"https:\/\/umg.ch\/de\/wp-json\/wp\/v2\/comments?post=3364"}],"version-history":[{"count":1,"href":"https:\/\/umg.ch\/de\/wp-json\/wp\/v2\/posts\/3364\/revisions"}],"predecessor-version":[{"id":3367,"href":"https:\/\/umg.ch\/de\/wp-json\/wp\/v2\/posts\/3364\/revisions\/3367"}],"wp:featuredmedia":[{"embeddable":true,"href":"https:\/\/umg.ch\/de\/wp-json\/wp\/v2\/media\/3365"}],"wp:attachment":[{"href":"https:\/\/umg.ch\/de\/wp-json\/wp\/v2\/media?parent=3364"}],"wp:term":[{"taxonomy":"category","embeddable":true,"href":"https:\/\/umg.ch\/de\/wp-json\/wp\/v2\/categories?post=3364"},{"taxonomy":"post_tag","embeddable":true,"href":"https:\/\/umg.ch\/de\/wp-json\/wp\/v2\/tags?post=3364"}],"curies":[{"name":"wp","href":"https:\/\/api.w.org\/{rel}","templated":true}]}}