{"id":3358,"date":"2020-08-31T08:02:09","date_gmt":"2020-08-31T06:02:09","guid":{"rendered":"https:\/\/umg.ch\/communique-de-presse-lunion-maraichere-de-geneve-adhere-au-label-durable-demain-la-terre\/"},"modified":"2021-01-08T17:20:56","modified_gmt":"2021-01-08T16:20:56","slug":"communique-de-presse-lunion-maraichere-de-geneve-adhere-au-label-durable-demain-la-terre","status":"publish","type":"post","link":"https:\/\/umg.ch\/de\/communique-de-presse-lunion-maraichere-de-geneve-adhere-au-label-durable-demain-la-terre\/","title":{"rendered":"Pressemitteilung: Die Union Mara\u00eech\u00e8re de Gen\u00e8ve tritt dem nachhaltigen Label Demain la Terre bei"},"content":{"rendered":"\n<p><em><em>Genf, 19.&nbsp;Mai 2020<\/em> \u2013<\/em><\/p>\n\n\n\n<p><strong>Die Union Mara\u00eech\u00e8re de Gen\u00e8ve (UMG), der gr\u00f6sste Schweizer Gem\u00fcse- und Obstproduzent, tritt dem nachhaltigen Label <em>Demain la Terre<\/em> bei und verankert dadurch langj\u00e4hrige verantwortungsvolle Praxis offiziell in einem Label. Damit \u00fcbernimmt sie eine Vorreiterrolle in der Schweiz und engagiert sich f\u00fcr eine nachhaltige Landwirtschaft, die menschliche Gesundheit und Qualit\u00e4t hochh\u00e4lt \u2013 im Einklang mit dem starken Engagement der Bev\u00f6lkerung f\u00fcr lokale Produkte seit Beginn der Corona-Pandemie.<\/strong><\/p>\n\n\n\n<p><\/p>\n\n\n\n<p>Durch die Verpflichtung zu den acht&nbsp;Grunds\u00e4tzen der Charta von <em>Demain la Terre<\/em> w\u00e4hlt die UMG einen anspruchsvollen Weg der Zertifizierung kontrollierter guter Praxis zugunsten von Umwelt, Biodiversit\u00e4t, Wirtschaft und Gesellschaft. Seit mehreren Jahren steigt das Bewusstsein unter Produktionsbetrieben und in der Bev\u00f6lkerung f\u00fcr die Vorteile einer besseren Ern\u00e4hrung und einer verantwortungsvollen und nachhaltigen Landwirtschaft. Neben dem konventionellen und dem biologischen Anbau gibt es einen dritten Weg, bei dem sich die verschiedenen Produktionsbetriebe gemeinsam nach der \u00f6kologischen, wirtschaftlichen, sozialen und gesellschaftlichen Verantwortung ausrichten. <\/p>\n\n\n\n<p>Der internationale Verein <em>Demain la Terre<\/em> umfasst mehr als 350\u00a0Mitglieder aus anbauenden und verarbeitenden Gem\u00fcse- und Obstbetrieben, die sich einem gemeinsamen Engagement f\u00fcr nachhaltige Entwicklung verschrieben haben. Durch ihren Beitritt setzt sich die UMG noch st\u00e4rker f\u00fcr eine zukunftstr\u00e4chtige Landwirtschaft ein und verfolgt eine langfristige Vision kontinuierlicher Verbesserungen zugunsten aller Konsumentinnen und Konsumenten in der Schweiz. UMG-Pr\u00e4sident Alexandre Cudet erkl\u00e4rt: \u00abEs ist unerl\u00e4sslich, unseren Kunden gegen\u00fcber nachweisen zu k\u00f6nnen, dass unsere Produktion unabh\u00e4ngig von der Anbaumethode sicher und nat\u00fcrlich erfolgt. Als bedeutender Obst- und Gem\u00fcseproduzent in der Schweiz nehmen wir unsere Verantwortung wahr und legen den Konsumenten Garantien vor. Mit dem Beitritt zu <em>Demain la Terre<\/em> k\u00f6nnen sie sicher sein, dass wird gesundes und sicheres Obst und Gem\u00fcse verantwortungsvoll und f\u00fcr alle produzieren.\u00bb<\/p>\n\n\n\n<p><\/p>\n\n\n\n<p><strong><em><strong><em>Demain la Terre: <\/em><\/strong><\/em><strong>ein Engagement nach acht Grunds\u00e4tzen<\/strong><\/strong><\/p>\n\n\n\n<p>Die Charta von <em>Demain la Terre<\/em> umfasst acht Grunds\u00e4tze f\u00fcr Umwelt und Gesellschaft mit rund 60 pr\u00e4zisen, objektiven und messbaren Kriterien.<\/p>\n\n\n\n<p>Erstmals werden dabei alle Aspekte der Landwirtschaft in einem einzigen Label zusammengef\u00fchrt: weniger Pflanzenschutzmittel, die Erhaltung der Wasserressourcen und der Bodenqualit\u00e4t, ein verbesserter Schutz der Artenvielfalt, ein geringerer CO2-Fussabdruck, weniger Abfall und eine Abfall-Wiederverwertung, die F\u00f6rderung nachhaltiger Wirtschaftsbeziehungen und der Aufbau von humaneren Betrieben.<\/p>\n\n\n\n<p>Geoffroy Cormor\u00e8che, Pr\u00e4sident von <em>Demain la Terre <\/em>meint: \u00abWir freuen uns, die Union Mara\u00eech\u00e8re de Gen\u00e8ve, die bahnbrechende Arbeit zugunsten einer nachhaltigen und verantwortungsvollen Landwirtschaft leistet, zu den Mitgliedern von <em>Demain la Terre<\/em> z\u00e4hlen zu d\u00fcrfen. Ihr Beitritt ist ein erster Schritt hin zu einer internationalen Ausrichtung unseres Vereins.\u00bb<\/p>\n\n\n\n<p>F\u00fcr die UMG bedeutet dieser Beitritt die Formalisierung der guten Praxis, welche bereits heute die Arbeit der Genossenschaft pr\u00e4gt. Gleichzeitig kann sie so einen kontinuierlichen Verbesserungsprozess in einer Branche einleiten, die sich st\u00e4ndig ver\u00e4ndert und mit zunehmenden Einschr\u00e4nkungen konfrontiert ist. Zudem m\u00f6chte sich die UMG gegen\u00fcber der Bev\u00f6lkerung als verantwortungsvolle und positive Ansprechpartnerin f\u00fcr die zuk\u00fcnftigen Abstimmungen zur Landwirtschaft in der Schweiz positionieren.<\/p>\n\n\n\n<p><\/p>\n\n\n\n<p><strong><strong>\u00dcber <em>Demain la Terre<\/em><\/strong><\/strong><\/p>\n\n\n\n<p>Der Verein anbauender und verarbeitender Gem\u00fcse- und Obstbetriebe <em>Demain la Terre<\/em> hat sich einem gemeinsamen Engagement f\u00fcr nachhaltige Entwicklung verschrieben. Er wurde 2004 mit dem Ziel gegr\u00fcndet, Betriebe zusammenzubringen, die eine zukunftstr\u00e4chtige Landwirtschaft anstossen und entwickeln, bzw. damit experimentieren m\u00f6chten, als Alternative zur biologischen und zur konventionellen Landwirtschaft. Gest\u00fctzt auf diese gemeinsame Vision schuf der Verein ein wirksames Instrument: die Charta von <em>Demain la Terre<\/em>. Sie will den Konsumentinnen und Konsumenten glaubw\u00fcrdige Nachweise f\u00fcr dieses Engagement liefern, aufbauend auf drei Priorit\u00e4ten: Gesundheit, Qualit\u00e4t und Respekt f\u00fcr Mensch und Natur.<\/p>\n\n\n\n<p>Die 18&nbsp;Mitgliedsbetriebe vereinen mehr als 350 Produzentinnen und Produzenten, die sich zur Umsetzung der Charta als Werkzeug f\u00fcr die integrierte und nachhaltige F\u00fchrung ihrer Betriebe verpflichtet haben. 2019 wurden so 180&nbsp;000&nbsp;Tonnen Ware nach den Kriterien der Charta von <em>Demain la Terre<\/em> produziert.<br><em>Demain la Terre<\/em> steht f\u00fcr:<\/p>\n\n\n\n<ul class=\"wp-block-list\"><li>Eine Gemeinschaft engagierter und verantwortungsvoller Produzentinnen und Produzenten<\/li><li>Ein freiwilliger Ansatz mit Kontrollen<\/li><li>Die Garantie sicherer und ges\u00fcnderer Produktionsweisen<\/li><li>Gemeinsame St\u00e4rke durch die Gruppendynamik<\/li><li>Ein Netzwerk von Partnern<\/li><\/ul>\n\n\n\n<p>Weitere Informationen auf  <a href=\"http:\/\/demainlaterre.org\">http:\/\/demainlaterre.org<\/a><\/p>\n","protected":false},"excerpt":{"rendered":"<p>Genf, 19.&nbsp;Mai 2020 \u2013 Die Union Mara\u00eech\u00e8re de Gen\u00e8ve (UMG), der gr\u00f6sste Schweizer Gem\u00fcse- und Obstproduzent, tritt dem nachhaltigen Label Demain la Terre bei und verankert dadurch langj\u00e4hrige verantwortungsvolle Praxis [&hellip;]<\/p>\n","protected":false},"author":3,"featured_media":3360,"comment_status":"closed","ping_status":"closed","sticky":false,"template":"","format":"standard","meta":{"_acf_changed":false,"inline_featured_image":false,"footnotes":""},"categories":[57,60],"tags":[],"class_list":["post-3358","post","type-post","status-publish","format-standard","has-post-thumbnail","hentry","category-news","category-pressemitteilungen"],"acf":[],"yoast_head":"<!-- This site is optimized with the Yoast SEO plugin v27.4 - https:\/\/yoast.com\/product\/yoast-seo-wordpress\/ -->\n<title>Pressemitteilung: Die Union Mara\u00eech\u00e8re de Gen\u00e8ve tritt dem nachhaltigen Label Demain la Terre bei - Union Mara\u00eech\u00e8re de Gen\u00e8ve<\/title>\n<meta name=\"robots\" content=\"index, follow, max-snippet:-1, max-image-preview:large, max-video-preview:-1\" \/>\n<link rel=\"canonical\" href=\"https:\/\/umg.ch\/de\/communique-de-presse-lunion-maraichere-de-geneve-adhere-au-label-durable-demain-la-terre\/\" \/>\n<meta property=\"og:locale\" content=\"de_DE\" \/>\n<meta property=\"og:type\" content=\"article\" \/>\n<meta property=\"og:title\" content=\"Pressemitteilung: Die Union Mara\u00eech\u00e8re de Gen\u00e8ve tritt dem nachhaltigen Label Demain la Terre bei - Union Mara\u00eech\u00e8re de Gen\u00e8ve\" \/>\n<meta property=\"og:description\" content=\"Genf, 19.&nbsp;Mai 2020 \u2013 Die Union Mara\u00eech\u00e8re de Gen\u00e8ve (UMG), der gr\u00f6sste Schweizer Gem\u00fcse- und Obstproduzent, tritt dem nachhaltigen Label Demain la Terre bei und verankert dadurch langj\u00e4hrige verantwortungsvolle Praxis [&hellip;]\" \/>\n<meta property=\"og:url\" content=\"https:\/\/umg.ch\/de\/communique-de-presse-lunion-maraichere-de-geneve-adhere-au-label-durable-demain-la-terre\/\" \/>\n<meta property=\"og:site_name\" content=\"Union Mara\u00eech\u00e8re de Gen\u00e8ve\" \/>\n<meta property=\"article:published_time\" content=\"2020-08-31T06:02:09+00:00\" \/>\n<meta property=\"article:modified_time\" content=\"2021-01-08T16:20:56+00:00\" \/>\n<meta property=\"og:image\" content=\"https:\/\/umg.ch\/wp-content\/uploads\/2020\/08\/LOGO-DLT-1.png\" \/>\n\t<meta property=\"og:image:width\" content=\"238\" \/>\n\t<meta property=\"og:image:height\" content=\"238\" \/>\n\t<meta property=\"og:image:type\" content=\"image\/png\" \/>\n<meta name=\"author\" content=\"Aur\u00e9lien Picaud\" \/>\n<meta name=\"twitter:card\" content=\"summary_large_image\" \/>\n<meta name=\"twitter:label1\" content=\"Verfasst von\" \/>\n\t<meta name=\"twitter:data1\" content=\"Aur\u00e9lien Picaud\" \/>\n\t<meta name=\"twitter:label2\" content=\"Gesch\u00e4tzte Lesezeit\" \/>\n\t<meta name=\"twitter:data2\" content=\"4\u00a0Minuten\" \/>\n<script type=\"application\/ld+json\" class=\"yoast-schema-graph\">{\"@context\":\"https:\\\/\\\/schema.org\",\"@graph\":[{\"@type\":\"Article\",\"@id\":\"https:\\\/\\\/umg.ch\\\/de\\\/communique-de-presse-lunion-maraichere-de-geneve-adhere-au-label-durable-demain-la-terre\\\/#article\",\"isPartOf\":{\"@id\":\"https:\\\/\\\/umg.ch\\\/de\\\/communique-de-presse-lunion-maraichere-de-geneve-adhere-au-label-durable-demain-la-terre\\\/\"},\"author\":{\"name\":\"Aur\u00e9lien Picaud\",\"@id\":\"https:\\\/\\\/umg.ch\\\/de\\\/#\\\/schema\\\/person\\\/cada3fd4465ba52936f2ff0c14314ad6\"},\"headline\":\"Pressemitteilung: Die Union Mara\u00eech\u00e8re de Gen\u00e8ve tritt dem nachhaltigen Label Demain la Terre bei\",\"datePublished\":\"2020-08-31T06:02:09+00:00\",\"dateModified\":\"2021-01-08T16:20:56+00:00\",\"mainEntityOfPage\":{\"@id\":\"https:\\\/\\\/umg.ch\\\/de\\\/communique-de-presse-lunion-maraichere-de-geneve-adhere-au-label-durable-demain-la-terre\\\/\"},\"wordCount\":725,\"image\":{\"@id\":\"https:\\\/\\\/umg.ch\\\/de\\\/communique-de-presse-lunion-maraichere-de-geneve-adhere-au-label-durable-demain-la-terre\\\/#primaryimage\"},\"thumbnailUrl\":\"https:\\\/\\\/umg.ch\\\/wp-content\\\/uploads\\\/2020\\\/08\\\/LOGO-DLT-1.png\",\"articleSection\":[\"News\",\"Pressemitteilungen\"],\"inLanguage\":\"de\"},{\"@type\":\"WebPage\",\"@id\":\"https:\\\/\\\/umg.ch\\\/de\\\/communique-de-presse-lunion-maraichere-de-geneve-adhere-au-label-durable-demain-la-terre\\\/\",\"url\":\"https:\\\/\\\/umg.ch\\\/de\\\/communique-de-presse-lunion-maraichere-de-geneve-adhere-au-label-durable-demain-la-terre\\\/\",\"name\":\"Pressemitteilung: Die Union Mara\u00eech\u00e8re de Gen\u00e8ve tritt dem nachhaltigen Label Demain la Terre bei - Union Mara\u00eech\u00e8re de Gen\u00e8ve\",\"isPartOf\":{\"@id\":\"https:\\\/\\\/umg.ch\\\/de\\\/#website\"},\"primaryImageOfPage\":{\"@id\":\"https:\\\/\\\/umg.ch\\\/de\\\/communique-de-presse-lunion-maraichere-de-geneve-adhere-au-label-durable-demain-la-terre\\\/#primaryimage\"},\"image\":{\"@id\":\"https:\\\/\\\/umg.ch\\\/de\\\/communique-de-presse-lunion-maraichere-de-geneve-adhere-au-label-durable-demain-la-terre\\\/#primaryimage\"},\"thumbnailUrl\":\"https:\\\/\\\/umg.ch\\\/wp-content\\\/uploads\\\/2020\\\/08\\\/LOGO-DLT-1.png\",\"datePublished\":\"2020-08-31T06:02:09+00:00\",\"dateModified\":\"2021-01-08T16:20:56+00:00\",\"author\":{\"@id\":\"https:\\\/\\\/umg.ch\\\/de\\\/#\\\/schema\\\/person\\\/cada3fd4465ba52936f2ff0c14314ad6\"},\"breadcrumb\":{\"@id\":\"https:\\\/\\\/umg.ch\\\/de\\\/communique-de-presse-lunion-maraichere-de-geneve-adhere-au-label-durable-demain-la-terre\\\/#breadcrumb\"},\"inLanguage\":\"de\",\"potentialAction\":[{\"@type\":\"ReadAction\",\"target\":[\"https:\\\/\\\/umg.ch\\\/de\\\/communique-de-presse-lunion-maraichere-de-geneve-adhere-au-label-durable-demain-la-terre\\\/\"]}]},{\"@type\":\"ImageObject\",\"inLanguage\":\"de\",\"@id\":\"https:\\\/\\\/umg.ch\\\/de\\\/communique-de-presse-lunion-maraichere-de-geneve-adhere-au-label-durable-demain-la-terre\\\/#primaryimage\",\"url\":\"https:\\\/\\\/umg.ch\\\/wp-content\\\/uploads\\\/2020\\\/08\\\/LOGO-DLT-1.png\",\"contentUrl\":\"https:\\\/\\\/umg.ch\\\/wp-content\\\/uploads\\\/2020\\\/08\\\/LOGO-DLT-1.png\",\"width\":238,\"height\":238},{\"@type\":\"BreadcrumbList\",\"@id\":\"https:\\\/\\\/umg.ch\\\/de\\\/communique-de-presse-lunion-maraichere-de-geneve-adhere-au-label-durable-demain-la-terre\\\/#breadcrumb\",\"itemListElement\":[{\"@type\":\"ListItem\",\"position\":1,\"name\":\"Startseite\",\"item\":\"https:\\\/\\\/umg.ch\\\/de\\\/\"},{\"@type\":\"ListItem\",\"position\":2,\"name\":\"Pressemitteilung: Die Union Mara\u00eech\u00e8re de Gen\u00e8ve tritt dem nachhaltigen Label Demain la Terre bei\"}]},{\"@type\":\"WebSite\",\"@id\":\"https:\\\/\\\/umg.ch\\\/de\\\/#website\",\"url\":\"https:\\\/\\\/umg.ch\\\/de\\\/\",\"name\":\"Union Mara\u00eech\u00e8re de Gen\u00e8ve\",\"description\":\"Un terroir et des hommes\",\"potentialAction\":[{\"@type\":\"SearchAction\",\"target\":{\"@type\":\"EntryPoint\",\"urlTemplate\":\"https:\\\/\\\/umg.ch\\\/de\\\/?s={search_term_string}\"},\"query-input\":{\"@type\":\"PropertyValueSpecification\",\"valueRequired\":true,\"valueName\":\"search_term_string\"}}],\"inLanguage\":\"de\"},{\"@type\":\"Person\",\"@id\":\"https:\\\/\\\/umg.ch\\\/de\\\/#\\\/schema\\\/person\\\/cada3fd4465ba52936f2ff0c14314ad6\",\"name\":\"Aur\u00e9lien Picaud\",\"image\":{\"@type\":\"ImageObject\",\"inLanguage\":\"de\",\"@id\":\"https:\\\/\\\/secure.gravatar.com\\\/avatar\\\/404f0c8c1b5a5e3d478363d3264c05c4e8927c278998cb16f8049d97c627cdf1?s=96&d=mm&r=g\",\"url\":\"https:\\\/\\\/secure.gravatar.com\\\/avatar\\\/404f0c8c1b5a5e3d478363d3264c05c4e8927c278998cb16f8049d97c627cdf1?s=96&d=mm&r=g\",\"contentUrl\":\"https:\\\/\\\/secure.gravatar.com\\\/avatar\\\/404f0c8c1b5a5e3d478363d3264c05c4e8927c278998cb16f8049d97c627cdf1?s=96&d=mm&r=g\",\"caption\":\"Aur\u00e9lien Picaud\"},\"url\":\"https:\\\/\\\/umg.ch\\\/de\\\/author\\\/apicaud\\\/\"}]}<\/script>\n<!-- \/ Yoast SEO plugin. -->","yoast_head_json":{"title":"Pressemitteilung: Die Union Mara\u00eech\u00e8re de Gen\u00e8ve tritt dem nachhaltigen Label Demain la Terre bei - Union Mara\u00eech\u00e8re de Gen\u00e8ve","robots":{"index":"index","follow":"follow","max-snippet":"max-snippet:-1","max-image-preview":"max-image-preview:large","max-video-preview":"max-video-preview:-1"},"canonical":"https:\/\/umg.ch\/de\/communique-de-presse-lunion-maraichere-de-geneve-adhere-au-label-durable-demain-la-terre\/","og_locale":"de_DE","og_type":"article","og_title":"Pressemitteilung: Die Union Mara\u00eech\u00e8re de Gen\u00e8ve tritt dem nachhaltigen Label Demain la Terre bei - Union Mara\u00eech\u00e8re de Gen\u00e8ve","og_description":"Genf, 19.&nbsp;Mai 2020 \u2013 Die Union Mara\u00eech\u00e8re de Gen\u00e8ve (UMG), der gr\u00f6sste Schweizer Gem\u00fcse- und Obstproduzent, tritt dem nachhaltigen Label Demain la Terre bei und verankert dadurch langj\u00e4hrige verantwortungsvolle Praxis [&hellip;]","og_url":"https:\/\/umg.ch\/de\/communique-de-presse-lunion-maraichere-de-geneve-adhere-au-label-durable-demain-la-terre\/","og_site_name":"Union Mara\u00eech\u00e8re de Gen\u00e8ve","article_published_time":"2020-08-31T06:02:09+00:00","article_modified_time":"2021-01-08T16:20:56+00:00","og_image":[{"width":238,"height":238,"url":"https:\/\/umg.ch\/wp-content\/uploads\/2020\/08\/LOGO-DLT-1.png","type":"image\/png"}],"author":"Aur\u00e9lien Picaud","twitter_card":"summary_large_image","twitter_misc":{"Verfasst von":"Aur\u00e9lien Picaud","Gesch\u00e4tzte Lesezeit":"4\u00a0Minuten"},"schema":{"@context":"https:\/\/schema.org","@graph":[{"@type":"Article","@id":"https:\/\/umg.ch\/de\/communique-de-presse-lunion-maraichere-de-geneve-adhere-au-label-durable-demain-la-terre\/#article","isPartOf":{"@id":"https:\/\/umg.ch\/de\/communique-de-presse-lunion-maraichere-de-geneve-adhere-au-label-durable-demain-la-terre\/"},"author":{"name":"Aur\u00e9lien Picaud","@id":"https:\/\/umg.ch\/de\/#\/schema\/person\/cada3fd4465ba52936f2ff0c14314ad6"},"headline":"Pressemitteilung: Die Union Mara\u00eech\u00e8re de Gen\u00e8ve tritt dem nachhaltigen Label Demain la Terre bei","datePublished":"2020-08-31T06:02:09+00:00","dateModified":"2021-01-08T16:20:56+00:00","mainEntityOfPage":{"@id":"https:\/\/umg.ch\/de\/communique-de-presse-lunion-maraichere-de-geneve-adhere-au-label-durable-demain-la-terre\/"},"wordCount":725,"image":{"@id":"https:\/\/umg.ch\/de\/communique-de-presse-lunion-maraichere-de-geneve-adhere-au-label-durable-demain-la-terre\/#primaryimage"},"thumbnailUrl":"https:\/\/umg.ch\/wp-content\/uploads\/2020\/08\/LOGO-DLT-1.png","articleSection":["News","Pressemitteilungen"],"inLanguage":"de"},{"@type":"WebPage","@id":"https:\/\/umg.ch\/de\/communique-de-presse-lunion-maraichere-de-geneve-adhere-au-label-durable-demain-la-terre\/","url":"https:\/\/umg.ch\/de\/communique-de-presse-lunion-maraichere-de-geneve-adhere-au-label-durable-demain-la-terre\/","name":"Pressemitteilung: Die Union Mara\u00eech\u00e8re de Gen\u00e8ve tritt dem nachhaltigen Label Demain la Terre bei - Union Mara\u00eech\u00e8re de Gen\u00e8ve","isPartOf":{"@id":"https:\/\/umg.ch\/de\/#website"},"primaryImageOfPage":{"@id":"https:\/\/umg.ch\/de\/communique-de-presse-lunion-maraichere-de-geneve-adhere-au-label-durable-demain-la-terre\/#primaryimage"},"image":{"@id":"https:\/\/umg.ch\/de\/communique-de-presse-lunion-maraichere-de-geneve-adhere-au-label-durable-demain-la-terre\/#primaryimage"},"thumbnailUrl":"https:\/\/umg.ch\/wp-content\/uploads\/2020\/08\/LOGO-DLT-1.png","datePublished":"2020-08-31T06:02:09+00:00","dateModified":"2021-01-08T16:20:56+00:00","author":{"@id":"https:\/\/umg.ch\/de\/#\/schema\/person\/cada3fd4465ba52936f2ff0c14314ad6"},"breadcrumb":{"@id":"https:\/\/umg.ch\/de\/communique-de-presse-lunion-maraichere-de-geneve-adhere-au-label-durable-demain-la-terre\/#breadcrumb"},"inLanguage":"de","potentialAction":[{"@type":"ReadAction","target":["https:\/\/umg.ch\/de\/communique-de-presse-lunion-maraichere-de-geneve-adhere-au-label-durable-demain-la-terre\/"]}]},{"@type":"ImageObject","inLanguage":"de","@id":"https:\/\/umg.ch\/de\/communique-de-presse-lunion-maraichere-de-geneve-adhere-au-label-durable-demain-la-terre\/#primaryimage","url":"https:\/\/umg.ch\/wp-content\/uploads\/2020\/08\/LOGO-DLT-1.png","contentUrl":"https:\/\/umg.ch\/wp-content\/uploads\/2020\/08\/LOGO-DLT-1.png","width":238,"height":238},{"@type":"BreadcrumbList","@id":"https:\/\/umg.ch\/de\/communique-de-presse-lunion-maraichere-de-geneve-adhere-au-label-durable-demain-la-terre\/#breadcrumb","itemListElement":[{"@type":"ListItem","position":1,"name":"Startseite","item":"https:\/\/umg.ch\/de\/"},{"@type":"ListItem","position":2,"name":"Pressemitteilung: Die Union Mara\u00eech\u00e8re de Gen\u00e8ve tritt dem nachhaltigen Label Demain la Terre bei"}]},{"@type":"WebSite","@id":"https:\/\/umg.ch\/de\/#website","url":"https:\/\/umg.ch\/de\/","name":"Union Mara\u00eech\u00e8re de Gen\u00e8ve","description":"Un terroir et des hommes","potentialAction":[{"@type":"SearchAction","target":{"@type":"EntryPoint","urlTemplate":"https:\/\/umg.ch\/de\/?s={search_term_string}"},"query-input":{"@type":"PropertyValueSpecification","valueRequired":true,"valueName":"search_term_string"}}],"inLanguage":"de"},{"@type":"Person","@id":"https:\/\/umg.ch\/de\/#\/schema\/person\/cada3fd4465ba52936f2ff0c14314ad6","name":"Aur\u00e9lien Picaud","image":{"@type":"ImageObject","inLanguage":"de","@id":"https:\/\/secure.gravatar.com\/avatar\/404f0c8c1b5a5e3d478363d3264c05c4e8927c278998cb16f8049d97c627cdf1?s=96&d=mm&r=g","url":"https:\/\/secure.gravatar.com\/avatar\/404f0c8c1b5a5e3d478363d3264c05c4e8927c278998cb16f8049d97c627cdf1?s=96&d=mm&r=g","contentUrl":"https:\/\/secure.gravatar.com\/avatar\/404f0c8c1b5a5e3d478363d3264c05c4e8927c278998cb16f8049d97c627cdf1?s=96&d=mm&r=g","caption":"Aur\u00e9lien Picaud"},"url":"https:\/\/umg.ch\/de\/author\/apicaud\/"}]}},"_links":{"self":[{"href":"https:\/\/umg.ch\/de\/wp-json\/wp\/v2\/posts\/3358","targetHints":{"allow":["GET"]}}],"collection":[{"href":"https:\/\/umg.ch\/de\/wp-json\/wp\/v2\/posts"}],"about":[{"href":"https:\/\/umg.ch\/de\/wp-json\/wp\/v2\/types\/post"}],"author":[{"embeddable":true,"href":"https:\/\/umg.ch\/de\/wp-json\/wp\/v2\/users\/3"}],"replies":[{"embeddable":true,"href":"https:\/\/umg.ch\/de\/wp-json\/wp\/v2\/comments?post=3358"}],"version-history":[{"count":5,"href":"https:\/\/umg.ch\/de\/wp-json\/wp\/v2\/posts\/3358\/revisions"}],"predecessor-version":[{"id":3618,"href":"https:\/\/umg.ch\/de\/wp-json\/wp\/v2\/posts\/3358\/revisions\/3618"}],"wp:featuredmedia":[{"embeddable":true,"href":"https:\/\/umg.ch\/de\/wp-json\/wp\/v2\/media\/3360"}],"wp:attachment":[{"href":"https:\/\/umg.ch\/de\/wp-json\/wp\/v2\/media?parent=3358"}],"wp:term":[{"taxonomy":"category","embeddable":true,"href":"https:\/\/umg.ch\/de\/wp-json\/wp\/v2\/categories?post=3358"},{"taxonomy":"post_tag","embeddable":true,"href":"https:\/\/umg.ch\/de\/wp-json\/wp\/v2\/tags?post=3358"}],"curies":[{"name":"wp","href":"https:\/\/api.w.org\/{rel}","templated":true}]}}