{"id":3346,"date":"2020-10-08T09:49:59","date_gmt":"2020-10-08T07:49:59","guid":{"rendered":"https:\/\/umg.ch\/lumg-labellisee-1-pour-tous\/"},"modified":"2020-12-15T08:33:14","modified_gmt":"2020-12-15T07:33:14","slug":"lumg-labellisee-1-pour-tous","status":"publish","type":"post","link":"https:\/\/umg.ch\/de\/lumg-labellisee-1-pour-tous\/","title":{"rendered":"Die UMG erh\u00e4lt das Label 1+ pour tous"},"content":{"rendered":"\n<div class=\"wp-block-image\"><figure class=\"alignleft size-medium is-resized\"><img loading=\"lazy\" decoding=\"async\" src=\"https:\/\/umg.ch\/wp-content\/uploads\/2020\/10\/logo-1pluspourtous-1-600x400.jpg\" alt=\"\" class=\"wp-image-2556\" width=\"450\" height=\"300\" srcset=\"https:\/\/umg.ch\/wp-content\/uploads\/2020\/10\/logo-1pluspourtous-1-600x400.jpg 600w, https:\/\/umg.ch\/wp-content\/uploads\/2020\/10\/logo-1pluspourtous-1-1170x780.jpg 1170w, https:\/\/umg.ch\/wp-content\/uploads\/2020\/10\/logo-1pluspourtous-1-768x512.jpg 768w, https:\/\/umg.ch\/wp-content\/uploads\/2020\/10\/logo-1pluspourtous-1-120x80.jpg 120w, https:\/\/umg.ch\/wp-content\/uploads\/2020\/10\/logo-1pluspourtous-1.jpg 1200w\" sizes=\"auto, (max-width: 450px) 100vw, 450px\" \/><\/figure><\/div>\n\n\n\n<p>Am 29.\u00a0September 2020 wurde die UMG mit dem Label <em>1+ pour tous<\/em> f\u00fcr Besch\u00e4ftigung und Integration \u00fcber die Arbeit ausgezeichnet. Das 1+-pour-tous-Label wird vom Kanton Genf verliehen, als Anerkennung f\u00fcr Unternehmen, die bei gleichwertiger Qualifikation Einwohnerinnen und Einwohner aus dem Kanton einstellen, die beim kantonalen Arbeitsamt eingeschrieben sind. Das Genfer Departement f\u00fcr Sicherheit, Besch\u00e4ftigung und Gesundheit (<em>D\u00e9partement de la s\u00e9curit\u00e9, de l\u2019emploi et de la sant\u00e9<\/em>) vergibt das Label f\u00fcr einen Zeitraum von zwei Jahren. Es erm\u00f6glicht den Unternehmen, ihr lokales Engagement f\u00fcr die Besch\u00e4ftigung und die Integration \u00fcber die Arbeit herauszustellen. Das 2012 geschaffene Label wurde von Anfang an von den Arbeitgebern unterst\u00fctzt. Es will die Reintegration in den Arbeitsmarkt all jener f\u00f6rdern, die ihre Stelle verloren haben. Angesichts der Covid-19-Krise ist dies besonders aktuell.<\/p>\n\n\n\n<div style=\"height:100px\" aria-hidden=\"true\" class=\"wp-block-spacer\"><\/div>\n\n\n\n<div class=\"wp-block-image\"><figure class=\"aligncenter size-full is-resized\"><a href=\"https:\/\/umg.ch\/wp-content\/uploads\/2020\/10\/charte-1.png\"><img loading=\"lazy\" decoding=\"async\" src=\"https:\/\/umg.ch\/wp-content\/uploads\/2020\/10\/charte-1.png\" alt=\"\" class=\"wp-image-2550\" width=\"400\" height=\"580\"\/><\/a><\/figure><\/div>\n","protected":false},"excerpt":{"rendered":"<p>Am 29.\u00a0September 2020 wurde die UMG mit dem Label 1+ pour tous f\u00fcr Besch\u00e4ftigung und Integration \u00fcber die Arbeit ausgezeichnet. Das 1+-pour-tous-Label wird vom Kanton Genf verliehen, als Anerkennung f\u00fcr [&hellip;]<\/p>\n","protected":false},"author":3,"featured_media":3348,"comment_status":"closed","ping_status":"closed","sticky":false,"template":"","format":"standard","meta":{"_acf_changed":false,"inline_featured_image":false,"footnotes":""},"categories":[57],"tags":[],"class_list":["post-3346","post","type-post","status-publish","format-standard","has-post-thumbnail","hentry","category-news"],"acf":[],"yoast_head":"<!-- This site is optimized with the Yoast SEO plugin v27.4 - https:\/\/yoast.com\/product\/yoast-seo-wordpress\/ -->\n<title>Die UMG erh\u00e4lt das Label 1+ pour tous - Union Mara\u00eech\u00e8re de Gen\u00e8ve<\/title>\n<meta name=\"robots\" content=\"index, follow, max-snippet:-1, max-image-preview:large, max-video-preview:-1\" \/>\n<link rel=\"canonical\" href=\"https:\/\/umg.ch\/de\/lumg-labellisee-1-pour-tous\/\" \/>\n<meta property=\"og:locale\" content=\"de_DE\" \/>\n<meta property=\"og:type\" content=\"article\" \/>\n<meta property=\"og:title\" content=\"Die UMG erh\u00e4lt das Label 1+ pour tous - Union Mara\u00eech\u00e8re de Gen\u00e8ve\" \/>\n<meta property=\"og:description\" content=\"Am 29.\u00a0September 2020 wurde die UMG mit dem Label 1+ pour tous f\u00fcr Besch\u00e4ftigung und Integration \u00fcber die Arbeit ausgezeichnet. Das 1+-pour-tous-Label wird vom Kanton Genf verliehen, als Anerkennung f\u00fcr [&hellip;]\" \/>\n<meta property=\"og:url\" content=\"https:\/\/umg.ch\/de\/lumg-labellisee-1-pour-tous\/\" \/>\n<meta property=\"og:site_name\" content=\"Union Mara\u00eech\u00e8re de Gen\u00e8ve\" \/>\n<meta property=\"article:published_time\" content=\"2020-10-08T07:49:59+00:00\" \/>\n<meta property=\"article:modified_time\" content=\"2020-12-15T07:33:14+00:00\" \/>\n<meta property=\"og:image\" content=\"https:\/\/umg.ch\/wp-content\/uploads\/2020\/10\/logo-1pluspourtous-1.jpg\" \/>\n\t<meta property=\"og:image:width\" content=\"1200\" \/>\n\t<meta property=\"og:image:height\" content=\"800\" \/>\n\t<meta property=\"og:image:type\" content=\"image\/jpeg\" \/>\n<meta name=\"author\" content=\"Aur\u00e9lien Picaud\" \/>\n<meta name=\"twitter:card\" content=\"summary_large_image\" \/>\n<meta name=\"twitter:label1\" content=\"Verfasst von\" \/>\n\t<meta name=\"twitter:data1\" content=\"Aur\u00e9lien Picaud\" \/>\n\t<meta name=\"twitter:label2\" content=\"Gesch\u00e4tzte Lesezeit\" \/>\n\t<meta name=\"twitter:data2\" content=\"1\u00a0Minute\" \/>\n<script type=\"application\/ld+json\" class=\"yoast-schema-graph\">{\"@context\":\"https:\\\/\\\/schema.org\",\"@graph\":[{\"@type\":\"Article\",\"@id\":\"https:\\\/\\\/umg.ch\\\/de\\\/lumg-labellisee-1-pour-tous\\\/#article\",\"isPartOf\":{\"@id\":\"https:\\\/\\\/umg.ch\\\/de\\\/lumg-labellisee-1-pour-tous\\\/\"},\"author\":{\"name\":\"Aur\u00e9lien Picaud\",\"@id\":\"https:\\\/\\\/umg.ch\\\/de\\\/#\\\/schema\\\/person\\\/cada3fd4465ba52936f2ff0c14314ad6\"},\"headline\":\"Die UMG erh\u00e4lt das Label 1+ pour tous\",\"datePublished\":\"2020-10-08T07:49:59+00:00\",\"dateModified\":\"2020-12-15T07:33:14+00:00\",\"mainEntityOfPage\":{\"@id\":\"https:\\\/\\\/umg.ch\\\/de\\\/lumg-labellisee-1-pour-tous\\\/\"},\"wordCount\":146,\"image\":{\"@id\":\"https:\\\/\\\/umg.ch\\\/de\\\/lumg-labellisee-1-pour-tous\\\/#primaryimage\"},\"thumbnailUrl\":\"https:\\\/\\\/umg.ch\\\/wp-content\\\/uploads\\\/2020\\\/10\\\/logo-1pluspourtous-1.jpg\",\"articleSection\":[\"News\"],\"inLanguage\":\"de\"},{\"@type\":\"WebPage\",\"@id\":\"https:\\\/\\\/umg.ch\\\/de\\\/lumg-labellisee-1-pour-tous\\\/\",\"url\":\"https:\\\/\\\/umg.ch\\\/de\\\/lumg-labellisee-1-pour-tous\\\/\",\"name\":\"Die UMG erh\u00e4lt das Label 1+ pour tous - Union Mara\u00eech\u00e8re de Gen\u00e8ve\",\"isPartOf\":{\"@id\":\"https:\\\/\\\/umg.ch\\\/de\\\/#website\"},\"primaryImageOfPage\":{\"@id\":\"https:\\\/\\\/umg.ch\\\/de\\\/lumg-labellisee-1-pour-tous\\\/#primaryimage\"},\"image\":{\"@id\":\"https:\\\/\\\/umg.ch\\\/de\\\/lumg-labellisee-1-pour-tous\\\/#primaryimage\"},\"thumbnailUrl\":\"https:\\\/\\\/umg.ch\\\/wp-content\\\/uploads\\\/2020\\\/10\\\/logo-1pluspourtous-1.jpg\",\"datePublished\":\"2020-10-08T07:49:59+00:00\",\"dateModified\":\"2020-12-15T07:33:14+00:00\",\"author\":{\"@id\":\"https:\\\/\\\/umg.ch\\\/de\\\/#\\\/schema\\\/person\\\/cada3fd4465ba52936f2ff0c14314ad6\"},\"breadcrumb\":{\"@id\":\"https:\\\/\\\/umg.ch\\\/de\\\/lumg-labellisee-1-pour-tous\\\/#breadcrumb\"},\"inLanguage\":\"de\",\"potentialAction\":[{\"@type\":\"ReadAction\",\"target\":[\"https:\\\/\\\/umg.ch\\\/de\\\/lumg-labellisee-1-pour-tous\\\/\"]}]},{\"@type\":\"ImageObject\",\"inLanguage\":\"de\",\"@id\":\"https:\\\/\\\/umg.ch\\\/de\\\/lumg-labellisee-1-pour-tous\\\/#primaryimage\",\"url\":\"https:\\\/\\\/umg.ch\\\/wp-content\\\/uploads\\\/2020\\\/10\\\/logo-1pluspourtous-1.jpg\",\"contentUrl\":\"https:\\\/\\\/umg.ch\\\/wp-content\\\/uploads\\\/2020\\\/10\\\/logo-1pluspourtous-1.jpg\",\"width\":1200,\"height\":800},{\"@type\":\"BreadcrumbList\",\"@id\":\"https:\\\/\\\/umg.ch\\\/de\\\/lumg-labellisee-1-pour-tous\\\/#breadcrumb\",\"itemListElement\":[{\"@type\":\"ListItem\",\"position\":1,\"name\":\"Startseite\",\"item\":\"https:\\\/\\\/umg.ch\\\/de\\\/\"},{\"@type\":\"ListItem\",\"position\":2,\"name\":\"Die UMG erh\u00e4lt das Label 1+ pour tous\"}]},{\"@type\":\"WebSite\",\"@id\":\"https:\\\/\\\/umg.ch\\\/de\\\/#website\",\"url\":\"https:\\\/\\\/umg.ch\\\/de\\\/\",\"name\":\"Union Mara\u00eech\u00e8re de Gen\u00e8ve\",\"description\":\"Un terroir et des hommes\",\"potentialAction\":[{\"@type\":\"SearchAction\",\"target\":{\"@type\":\"EntryPoint\",\"urlTemplate\":\"https:\\\/\\\/umg.ch\\\/de\\\/?s={search_term_string}\"},\"query-input\":{\"@type\":\"PropertyValueSpecification\",\"valueRequired\":true,\"valueName\":\"search_term_string\"}}],\"inLanguage\":\"de\"},{\"@type\":\"Person\",\"@id\":\"https:\\\/\\\/umg.ch\\\/de\\\/#\\\/schema\\\/person\\\/cada3fd4465ba52936f2ff0c14314ad6\",\"name\":\"Aur\u00e9lien Picaud\",\"image\":{\"@type\":\"ImageObject\",\"inLanguage\":\"de\",\"@id\":\"https:\\\/\\\/secure.gravatar.com\\\/avatar\\\/404f0c8c1b5a5e3d478363d3264c05c4e8927c278998cb16f8049d97c627cdf1?s=96&d=mm&r=g\",\"url\":\"https:\\\/\\\/secure.gravatar.com\\\/avatar\\\/404f0c8c1b5a5e3d478363d3264c05c4e8927c278998cb16f8049d97c627cdf1?s=96&d=mm&r=g\",\"contentUrl\":\"https:\\\/\\\/secure.gravatar.com\\\/avatar\\\/404f0c8c1b5a5e3d478363d3264c05c4e8927c278998cb16f8049d97c627cdf1?s=96&d=mm&r=g\",\"caption\":\"Aur\u00e9lien Picaud\"},\"url\":\"https:\\\/\\\/umg.ch\\\/de\\\/author\\\/apicaud\\\/\"}]}<\/script>\n<!-- \/ Yoast SEO plugin. -->","yoast_head_json":{"title":"Die UMG erh\u00e4lt das Label 1+ pour tous - Union Mara\u00eech\u00e8re de Gen\u00e8ve","robots":{"index":"index","follow":"follow","max-snippet":"max-snippet:-1","max-image-preview":"max-image-preview:large","max-video-preview":"max-video-preview:-1"},"canonical":"https:\/\/umg.ch\/de\/lumg-labellisee-1-pour-tous\/","og_locale":"de_DE","og_type":"article","og_title":"Die UMG erh\u00e4lt das Label 1+ pour tous - Union Mara\u00eech\u00e8re de Gen\u00e8ve","og_description":"Am 29.\u00a0September 2020 wurde die UMG mit dem Label 1+ pour tous f\u00fcr Besch\u00e4ftigung und Integration \u00fcber die Arbeit ausgezeichnet. Das 1+-pour-tous-Label wird vom Kanton Genf verliehen, als Anerkennung f\u00fcr [&hellip;]","og_url":"https:\/\/umg.ch\/de\/lumg-labellisee-1-pour-tous\/","og_site_name":"Union Mara\u00eech\u00e8re de Gen\u00e8ve","article_published_time":"2020-10-08T07:49:59+00:00","article_modified_time":"2020-12-15T07:33:14+00:00","og_image":[{"width":1200,"height":800,"url":"https:\/\/umg.ch\/wp-content\/uploads\/2020\/10\/logo-1pluspourtous-1.jpg","type":"image\/jpeg"}],"author":"Aur\u00e9lien Picaud","twitter_card":"summary_large_image","twitter_misc":{"Verfasst von":"Aur\u00e9lien Picaud","Gesch\u00e4tzte Lesezeit":"1\u00a0Minute"},"schema":{"@context":"https:\/\/schema.org","@graph":[{"@type":"Article","@id":"https:\/\/umg.ch\/de\/lumg-labellisee-1-pour-tous\/#article","isPartOf":{"@id":"https:\/\/umg.ch\/de\/lumg-labellisee-1-pour-tous\/"},"author":{"name":"Aur\u00e9lien Picaud","@id":"https:\/\/umg.ch\/de\/#\/schema\/person\/cada3fd4465ba52936f2ff0c14314ad6"},"headline":"Die UMG erh\u00e4lt das Label 1+ pour tous","datePublished":"2020-10-08T07:49:59+00:00","dateModified":"2020-12-15T07:33:14+00:00","mainEntityOfPage":{"@id":"https:\/\/umg.ch\/de\/lumg-labellisee-1-pour-tous\/"},"wordCount":146,"image":{"@id":"https:\/\/umg.ch\/de\/lumg-labellisee-1-pour-tous\/#primaryimage"},"thumbnailUrl":"https:\/\/umg.ch\/wp-content\/uploads\/2020\/10\/logo-1pluspourtous-1.jpg","articleSection":["News"],"inLanguage":"de"},{"@type":"WebPage","@id":"https:\/\/umg.ch\/de\/lumg-labellisee-1-pour-tous\/","url":"https:\/\/umg.ch\/de\/lumg-labellisee-1-pour-tous\/","name":"Die UMG erh\u00e4lt das Label 1+ pour tous - Union Mara\u00eech\u00e8re de Gen\u00e8ve","isPartOf":{"@id":"https:\/\/umg.ch\/de\/#website"},"primaryImageOfPage":{"@id":"https:\/\/umg.ch\/de\/lumg-labellisee-1-pour-tous\/#primaryimage"},"image":{"@id":"https:\/\/umg.ch\/de\/lumg-labellisee-1-pour-tous\/#primaryimage"},"thumbnailUrl":"https:\/\/umg.ch\/wp-content\/uploads\/2020\/10\/logo-1pluspourtous-1.jpg","datePublished":"2020-10-08T07:49:59+00:00","dateModified":"2020-12-15T07:33:14+00:00","author":{"@id":"https:\/\/umg.ch\/de\/#\/schema\/person\/cada3fd4465ba52936f2ff0c14314ad6"},"breadcrumb":{"@id":"https:\/\/umg.ch\/de\/lumg-labellisee-1-pour-tous\/#breadcrumb"},"inLanguage":"de","potentialAction":[{"@type":"ReadAction","target":["https:\/\/umg.ch\/de\/lumg-labellisee-1-pour-tous\/"]}]},{"@type":"ImageObject","inLanguage":"de","@id":"https:\/\/umg.ch\/de\/lumg-labellisee-1-pour-tous\/#primaryimage","url":"https:\/\/umg.ch\/wp-content\/uploads\/2020\/10\/logo-1pluspourtous-1.jpg","contentUrl":"https:\/\/umg.ch\/wp-content\/uploads\/2020\/10\/logo-1pluspourtous-1.jpg","width":1200,"height":800},{"@type":"BreadcrumbList","@id":"https:\/\/umg.ch\/de\/lumg-labellisee-1-pour-tous\/#breadcrumb","itemListElement":[{"@type":"ListItem","position":1,"name":"Startseite","item":"https:\/\/umg.ch\/de\/"},{"@type":"ListItem","position":2,"name":"Die UMG erh\u00e4lt das Label 1+ pour tous"}]},{"@type":"WebSite","@id":"https:\/\/umg.ch\/de\/#website","url":"https:\/\/umg.ch\/de\/","name":"Union Mara\u00eech\u00e8re de Gen\u00e8ve","description":"Un terroir et des hommes","potentialAction":[{"@type":"SearchAction","target":{"@type":"EntryPoint","urlTemplate":"https:\/\/umg.ch\/de\/?s={search_term_string}"},"query-input":{"@type":"PropertyValueSpecification","valueRequired":true,"valueName":"search_term_string"}}],"inLanguage":"de"},{"@type":"Person","@id":"https:\/\/umg.ch\/de\/#\/schema\/person\/cada3fd4465ba52936f2ff0c14314ad6","name":"Aur\u00e9lien Picaud","image":{"@type":"ImageObject","inLanguage":"de","@id":"https:\/\/secure.gravatar.com\/avatar\/404f0c8c1b5a5e3d478363d3264c05c4e8927c278998cb16f8049d97c627cdf1?s=96&d=mm&r=g","url":"https:\/\/secure.gravatar.com\/avatar\/404f0c8c1b5a5e3d478363d3264c05c4e8927c278998cb16f8049d97c627cdf1?s=96&d=mm&r=g","contentUrl":"https:\/\/secure.gravatar.com\/avatar\/404f0c8c1b5a5e3d478363d3264c05c4e8927c278998cb16f8049d97c627cdf1?s=96&d=mm&r=g","caption":"Aur\u00e9lien Picaud"},"url":"https:\/\/umg.ch\/de\/author\/apicaud\/"}]}},"_links":{"self":[{"href":"https:\/\/umg.ch\/de\/wp-json\/wp\/v2\/posts\/3346","targetHints":{"allow":["GET"]}}],"collection":[{"href":"https:\/\/umg.ch\/de\/wp-json\/wp\/v2\/posts"}],"about":[{"href":"https:\/\/umg.ch\/de\/wp-json\/wp\/v2\/types\/post"}],"author":[{"embeddable":true,"href":"https:\/\/umg.ch\/de\/wp-json\/wp\/v2\/users\/3"}],"replies":[{"embeddable":true,"href":"https:\/\/umg.ch\/de\/wp-json\/wp\/v2\/comments?post=3346"}],"version-history":[{"count":1,"href":"https:\/\/umg.ch\/de\/wp-json\/wp\/v2\/posts\/3346\/revisions"}],"predecessor-version":[{"id":3350,"href":"https:\/\/umg.ch\/de\/wp-json\/wp\/v2\/posts\/3346\/revisions\/3350"}],"wp:featuredmedia":[{"embeddable":true,"href":"https:\/\/umg.ch\/de\/wp-json\/wp\/v2\/media\/3348"}],"wp:attachment":[{"href":"https:\/\/umg.ch\/de\/wp-json\/wp\/v2\/media?parent=3346"}],"wp:term":[{"taxonomy":"category","embeddable":true,"href":"https:\/\/umg.ch\/de\/wp-json\/wp\/v2\/categories?post=3346"},{"taxonomy":"post_tag","embeddable":true,"href":"https:\/\/umg.ch\/de\/wp-json\/wp\/v2\/tags?post=3346"}],"curies":[{"name":"wp","href":"https:\/\/api.w.org\/{rel}","templated":true}]}}