{"id":3336,"date":"2020-10-15T10:53:20","date_gmt":"2020-10-15T08:53:20","guid":{"rendered":"https:\/\/umg.ch\/lunion-maraichere-de-geneve-se-mobilise-pour-lutter-contre-le-gaspillage-alimentaire\/"},"modified":"2020-12-30T13:31:13","modified_gmt":"2020-12-30T12:31:13","slug":"lunion-maraichere-de-geneve-se-mobilise-pour-lutter-contre-le-gaspillage-alimentaire","status":"publish","type":"post","link":"https:\/\/umg.ch\/de\/lunion-maraichere-de-geneve-se-mobilise-pour-lutter-contre-le-gaspillage-alimentaire\/","title":{"rendered":"Die Union Mara\u00eech\u00e8re de Gen\u00e8ve engagiert sich im Kampf gegen die Lebensmittelverschwendung"},"content":{"rendered":"\n<div style=\"height:40px\" aria-hidden=\"true\" class=\"wp-block-spacer\"><\/div>\n\n\n\n<div class=\"wp-block-columns is-layout-flex wp-container-core-columns-is-layout-9d6595d7 wp-block-columns-is-layout-flex\">\n<div class=\"wp-block-column is-layout-flow wp-block-column-is-layout-flow\" style=\"flex-basis:33.33%\">\n<figure class=\"wp-block-image size-large\"><img loading=\"lazy\" decoding=\"async\" width=\"240\" height=\"358\" src=\"https:\/\/umg.ch\/wp-content\/uploads\/2020\/10\/forum.jpg\" alt=\"\" class=\"wp-image-2564\"\/><\/figure>\n<\/div>\n\n\n\n<div class=\"wp-block-column is-vertically-aligned-center is-layout-flow wp-block-column-is-layout-flow\" style=\"flex-basis:66.66%\">\n<p><strong><strong>Am Donnerstag, 15.\u00a0Oktober, stellt die UMG anl\u00e4sslich des Tages gegen die Lebensmittelverschwendung ihre Initiativen f\u00fcr die Reduktion von Lebensmittelabf\u00e4llen vor. Der Tag ist Teil des Zweiten Genfer Forums f\u00fcr nachhaltige Ern\u00e4hrung (<em>Forum de l\u2019alimentation durable)<\/em>, einer Aktionswoche, die unsere Beziehung zu dem, was wir essen, sowie unsere Ern\u00e4hrung insgesamt hinterfragen will.<\/strong> Die UMG engagiert sich bereits seit Langem f\u00fcr mehr Nachhaltigkeit und nimmt in dieser Hinsicht eine Vorreiterrolle in der Schweiz ein, mit immer neuen, innovativen Ideen: Aufbau von Kompetenzen \u00fcber eine Fachstelle f\u00fcr gesunde Pflanzenkulturen, Schaffung neuer Verfahren f\u00fcr einen optimalen Umgang mit \u00dcberschussware, neue Absatzm\u00f6glichkeiten f\u00fcr Fr\u00fcchte und Gem\u00fcse, das nicht die richtige Gr\u00f6sse oder Form f\u00fcr den Grosshandel hat: All diese Initiativen helfen mit, Lebensmittelabf\u00e4lle bereits auf der Ebene der Produktion zu reduzieren.<\/strong><\/p>\n<\/div>\n<\/div>\n\n\n\n<p>W\u00e4hrend die Genferinnen und Genfer mehr als 30&nbsp;% der gekauften Lebensmittel wegwerfen, engagiert sich die UMG gegen Lebensmittelverschwendung, bevor die Produkte \u00fcberhaupt in die L\u00e4den gelangen. Genossenschaftsdirektor Xavier Patry erkl\u00e4rt: \u00abEs ist unsere Verantwortung, neue L\u00f6sungen als Teil einer nachhaltigen Kreislaufwirtschaft in Genf umzusetzen. Damit auch Fr\u00fcchte und Gem\u00fcse, die nicht verkauft werden k\u00f6nnen, verwertet werden, haben wir mit den Produzentinnen und Produzenten der Genossenschaft lokale M\u00f6glichkeiten entwickelt. So verarbeiten wir heute beispielsweise Produkte, die fr\u00fcher weggeworfen wurden, zu S\u00e4ften oder Suppen.\u00bb<\/p>\n\n\n\n<div style=\"height:40px\" aria-hidden=\"true\" class=\"wp-block-spacer\"><\/div>\n\n\n\n<figure class=\"wp-block-gallery columns-3 is-cropped wp-block-gallery-1 is-layout-flex wp-block-gallery-is-layout-flex\"><ul class=\"blocks-gallery-grid\"><li class=\"blocks-gallery-item\"><figure><img loading=\"lazy\" decoding=\"async\" width=\"1170\" height=\"981\" src=\"https:\/\/umg.ch\/wp-content\/uploads\/2020\/10\/Soupe-de-courge-CJ-1170x981.jpg\" alt=\"\" data-id=\"2568\" data-full-url=\"https:\/\/umg.ch\/wp-content\/uploads\/2020\/10\/Soupe-de-courge-CJ.jpg\" data-link=\"https:\/\/umg.ch\/?attachment_id=2568\" class=\"wp-image-2568\" srcset=\"https:\/\/umg.ch\/wp-content\/uploads\/2020\/10\/Soupe-de-courge-CJ-1170x981.jpg 1170w, https:\/\/umg.ch\/wp-content\/uploads\/2020\/10\/Soupe-de-courge-CJ-600x503.jpg 600w, https:\/\/umg.ch\/wp-content\/uploads\/2020\/10\/Soupe-de-courge-CJ-768x644.jpg 768w, https:\/\/umg.ch\/wp-content\/uploads\/2020\/10\/Soupe-de-courge-CJ.jpg 1200w\" sizes=\"auto, (max-width: 1170px) 100vw, 1170px\" \/><\/figure><\/li><li class=\"blocks-gallery-item\"><figure><img loading=\"lazy\" decoding=\"async\" width=\"1170\" height=\"981\" src=\"https:\/\/umg.ch\/wp-content\/uploads\/2020\/10\/Soupe-de-legumes-CJ-1170x981.jpg\" alt=\"\" data-id=\"2567\" data-full-url=\"https:\/\/umg.ch\/wp-content\/uploads\/2020\/10\/Soupe-de-legumes-CJ.jpg\" data-link=\"https:\/\/umg.ch\/?attachment_id=2567\" class=\"wp-image-2567\" srcset=\"https:\/\/umg.ch\/wp-content\/uploads\/2020\/10\/Soupe-de-legumes-CJ-1170x981.jpg 1170w, https:\/\/umg.ch\/wp-content\/uploads\/2020\/10\/Soupe-de-legumes-CJ-600x503.jpg 600w, https:\/\/umg.ch\/wp-content\/uploads\/2020\/10\/Soupe-de-legumes-CJ-768x644.jpg 768w, https:\/\/umg.ch\/wp-content\/uploads\/2020\/10\/Soupe-de-legumes-CJ.jpg 1200w\" sizes=\"auto, (max-width: 1170px) 100vw, 1170px\" \/><\/figure><\/li><li class=\"blocks-gallery-item\"><figure><img loading=\"lazy\" decoding=\"async\" width=\"1170\" height=\"981\" src=\"https:\/\/umg.ch\/wp-content\/uploads\/2020\/10\/Soupe-de-Carotte-CJ-1170x981.jpg\" alt=\"\" data-id=\"2569\" data-full-url=\"https:\/\/umg.ch\/wp-content\/uploads\/2020\/10\/Soupe-de-Carotte-CJ.jpg\" data-link=\"https:\/\/umg.ch\/?attachment_id=2569\" class=\"wp-image-2569\" srcset=\"https:\/\/umg.ch\/wp-content\/uploads\/2020\/10\/Soupe-de-Carotte-CJ-1170x981.jpg 1170w, https:\/\/umg.ch\/wp-content\/uploads\/2020\/10\/Soupe-de-Carotte-CJ-600x503.jpg 600w, https:\/\/umg.ch\/wp-content\/uploads\/2020\/10\/Soupe-de-Carotte-CJ-768x644.jpg 768w, https:\/\/umg.ch\/wp-content\/uploads\/2020\/10\/Soupe-de-Carotte-CJ.jpg 1200w\" sizes=\"auto, (max-width: 1170px) 100vw, 1170px\" \/><\/figure><\/li><\/ul><\/figure>\n\n\n\n<div style=\"height:40px\" aria-hidden=\"true\" class=\"wp-block-spacer\"><\/div>\n\n\n\n<p><strong><strong>Vom Feld auf den Teller: weniger Abfall durch Innovation<\/strong><\/strong><\/p>\n\n\n\n<p><\/p>\n\n\n\n<p>Eine intelligente Bewirtschaftung der Felder ist ein wesentlicher Faktor f\u00fcr bessere Ertr\u00e4ge und weniger Abfall.<\/p>\n\n\n\n<p>Dazu hat die UMG eine Fachstelle geschaffen, die gute Praxis in diesem Bereich sammelt und ihr Know-how mit den Produzentinnen und Produzenten teilt \u2013 im Sinne einer gegenseitigen Bereicherung und kontinuierlichen Verbesserung. Durch eine optimale Wassernutzung beispielsweise vermehren sich Sch\u00e4dlinge weniger und die Abf\u00e4lle werden reduziert, ohne auf Nachhaltigkeit verzichten zu m\u00fcssen.<\/p>\n\n\n\n<p><\/p>\n\n\n\n<p>In manchen Jahren ist die Natur sehr grossz\u00fcgig, oder die W\u00fcnsche der Konsumentinnen und Konsumenten entsprechen nicht dem Angebot zur Erntezeit.<\/p>\n\n\n\n<p>In solchen Situationen kann es vorkommen, dass die Produzentinnen und Produzenten nicht ihre gesamte Ware verkaufen k\u00f6nnen.<\/p>\n\n\n\n<p>So kann ein pl\u00f6tzlicher Temperaturabfall dazu f\u00fchren, dass die Nachfrage nach K\u00fcrbis viel fr\u00fcher einsetzt, w\u00e4hrend die Tomaten in den Regalen liegen bleiben.<\/p>\n\n\n\n<p>Um derartige Schwierigkeiten abzufedern, hat die UMG eine Verarbeitung ihrer unverkauften Restware durch lokale Genfer Betriebe in die Wege geleitet. So werden im Rahmen einer Kreislaufwirtschaft Tomatensauce, aber auch Gem\u00fcsecremesuppen ohne Zusatzstoffe oder Konservierungsmittel hergestellt. Ergebnis: Die Produzentinnen und Produzenten erhalten ein zus\u00e4tzliches Einkommen und das Problem der Gem\u00fcseabf\u00e4lle wird gel\u00f6st.<\/p>\n\n\n\n<p><\/p>\n\n\n\n<p>Schliesslich verursacht aber auch die Verpackung der Fr\u00fcchte und des Gem\u00fcses eine grosse Menge an Abfall.<\/p>\n\n\n\n<p>Verpackungen sind jedoch manchmal unerl\u00e4sslich, um gewisse heikle Lebensmittel zu sch\u00fctzen und zu verhindern, dass sie besch\u00e4digt werden.<\/p>\n\n\n\n<p>Bei verpackten Produkten werden nur 2&nbsp;% besch\u00e4digt, w\u00e4hrend diese Zahl im Offenverkauf auf rund 10&nbsp;% ansteigt.<\/p>\n\n\n\n<p>Um das Problem anzugehen, hat die UMG ein neues Sortiment an Verpackungen aus recyceltem Karton entwickelt, die mit einem Schutzfilm aus PET \u00fcberzogen sind, damit man den Beh\u00e4lter nach Belieben wieder verschliessen kann. Ein kleiner Sieg f\u00fcr die Umwelt!<\/p>\n\n\n\n<div style=\"height:40px\" aria-hidden=\"true\" class=\"wp-block-spacer\"><\/div>\n\n\n\n<p>Weitere Informationen: <a href=\"http:\/\/www.umg.ch\">www.umg.ch<\/a> &amp; <a href=\"https:\/\/www.geneve.ch\/fr\/agenda\/gaspillage-alimentaire-menages-genevois-disait-stop\">https:\/\/www.geneve.ch\/fr\/agenda\/gaspillage-alimentaire-menages-genevois-disait-stop<\/a><\/p>\n","protected":false},"excerpt":{"rendered":"<p>Am Donnerstag, 15.\u00a0Oktober, stellt die UMG anl\u00e4sslich des Tages gegen die Lebensmittelverschwendung ihre Initiativen f\u00fcr die Reduktion von Lebensmittelabf\u00e4llen vor. Der Tag ist Teil des Zweiten Genfer Forums f\u00fcr nachhaltige [&hellip;]<\/p>\n","protected":false},"author":3,"featured_media":3338,"comment_status":"closed","ping_status":"closed","sticky":false,"template":"","format":"standard","meta":{"_acf_changed":false,"inline_featured_image":false,"footnotes":""},"categories":[57,60],"tags":[],"class_list":["post-3336","post","type-post","status-publish","format-standard","has-post-thumbnail","hentry","category-news","category-pressemitteilungen"],"acf":[],"yoast_head":"<!-- This site is optimized with the Yoast SEO plugin v27.4 - https:\/\/yoast.com\/product\/yoast-seo-wordpress\/ -->\n<title>Die Union Mara\u00eech\u00e8re de Gen\u00e8ve engagiert sich im Kampf gegen die Lebensmittelverschwendung - Union Mara\u00eech\u00e8re de Gen\u00e8ve<\/title>\n<meta name=\"robots\" content=\"index, follow, max-snippet:-1, max-image-preview:large, max-video-preview:-1\" \/>\n<link rel=\"canonical\" href=\"https:\/\/umg.ch\/de\/lunion-maraichere-de-geneve-se-mobilise-pour-lutter-contre-le-gaspillage-alimentaire\/\" \/>\n<meta property=\"og:locale\" content=\"de_DE\" \/>\n<meta property=\"og:type\" content=\"article\" \/>\n<meta property=\"og:title\" content=\"Die Union Mara\u00eech\u00e8re de Gen\u00e8ve engagiert sich im Kampf gegen die Lebensmittelverschwendung - Union Mara\u00eech\u00e8re de Gen\u00e8ve\" \/>\n<meta property=\"og:description\" content=\"Am Donnerstag, 15.\u00a0Oktober, stellt die UMG anl\u00e4sslich des Tages gegen die Lebensmittelverschwendung ihre Initiativen f\u00fcr die Reduktion von Lebensmittelabf\u00e4llen vor. Der Tag ist Teil des Zweiten Genfer Forums f\u00fcr nachhaltige [&hellip;]\" \/>\n<meta property=\"og:url\" content=\"https:\/\/umg.ch\/de\/lunion-maraichere-de-geneve-se-mobilise-pour-lutter-contre-le-gaspillage-alimentaire\/\" \/>\n<meta property=\"og:site_name\" content=\"Union Mara\u00eech\u00e8re de Gen\u00e8ve\" \/>\n<meta property=\"article:published_time\" content=\"2020-10-15T08:53:20+00:00\" \/>\n<meta property=\"article:modified_time\" content=\"2020-12-30T12:31:13+00:00\" \/>\n<meta property=\"og:image\" content=\"https:\/\/umg.ch\/wp-content\/uploads\/2020\/10\/forum-1.jpg\" \/>\n\t<meta property=\"og:image:width\" content=\"300\" \/>\n\t<meta property=\"og:image:height\" content=\"445\" \/>\n\t<meta property=\"og:image:type\" content=\"image\/jpeg\" \/>\n<meta name=\"author\" content=\"Aur\u00e9lien Picaud\" \/>\n<meta name=\"twitter:card\" content=\"summary_large_image\" \/>\n<meta name=\"twitter:label1\" content=\"Verfasst von\" \/>\n\t<meta name=\"twitter:data1\" content=\"Aur\u00e9lien Picaud\" \/>\n\t<meta name=\"twitter:label2\" content=\"Gesch\u00e4tzte Lesezeit\" \/>\n\t<meta name=\"twitter:data2\" content=\"3\u00a0Minuten\" \/>\n<script type=\"application\/ld+json\" class=\"yoast-schema-graph\">{\"@context\":\"https:\\\/\\\/schema.org\",\"@graph\":[{\"@type\":\"Article\",\"@id\":\"https:\\\/\\\/umg.ch\\\/de\\\/lunion-maraichere-de-geneve-se-mobilise-pour-lutter-contre-le-gaspillage-alimentaire\\\/#article\",\"isPartOf\":{\"@id\":\"https:\\\/\\\/umg.ch\\\/de\\\/lunion-maraichere-de-geneve-se-mobilise-pour-lutter-contre-le-gaspillage-alimentaire\\\/\"},\"author\":{\"name\":\"Aur\u00e9lien Picaud\",\"@id\":\"https:\\\/\\\/umg.ch\\\/de\\\/#\\\/schema\\\/person\\\/cada3fd4465ba52936f2ff0c14314ad6\"},\"headline\":\"Die Union Mara\u00eech\u00e8re de Gen\u00e8ve engagiert sich im Kampf gegen die Lebensmittelverschwendung\",\"datePublished\":\"2020-10-15T08:53:20+00:00\",\"dateModified\":\"2020-12-30T12:31:13+00:00\",\"mainEntityOfPage\":{\"@id\":\"https:\\\/\\\/umg.ch\\\/de\\\/lunion-maraichere-de-geneve-se-mobilise-pour-lutter-contre-le-gaspillage-alimentaire\\\/\"},\"wordCount\":566,\"image\":{\"@id\":\"https:\\\/\\\/umg.ch\\\/de\\\/lunion-maraichere-de-geneve-se-mobilise-pour-lutter-contre-le-gaspillage-alimentaire\\\/#primaryimage\"},\"thumbnailUrl\":\"https:\\\/\\\/umg.ch\\\/wp-content\\\/uploads\\\/2020\\\/10\\\/forum-1.jpg\",\"articleSection\":[\"News\",\"Pressemitteilungen\"],\"inLanguage\":\"de\"},{\"@type\":\"WebPage\",\"@id\":\"https:\\\/\\\/umg.ch\\\/de\\\/lunion-maraichere-de-geneve-se-mobilise-pour-lutter-contre-le-gaspillage-alimentaire\\\/\",\"url\":\"https:\\\/\\\/umg.ch\\\/de\\\/lunion-maraichere-de-geneve-se-mobilise-pour-lutter-contre-le-gaspillage-alimentaire\\\/\",\"name\":\"Die Union Mara\u00eech\u00e8re de Gen\u00e8ve engagiert sich im Kampf gegen die Lebensmittelverschwendung - Union Mara\u00eech\u00e8re de Gen\u00e8ve\",\"isPartOf\":{\"@id\":\"https:\\\/\\\/umg.ch\\\/de\\\/#website\"},\"primaryImageOfPage\":{\"@id\":\"https:\\\/\\\/umg.ch\\\/de\\\/lunion-maraichere-de-geneve-se-mobilise-pour-lutter-contre-le-gaspillage-alimentaire\\\/#primaryimage\"},\"image\":{\"@id\":\"https:\\\/\\\/umg.ch\\\/de\\\/lunion-maraichere-de-geneve-se-mobilise-pour-lutter-contre-le-gaspillage-alimentaire\\\/#primaryimage\"},\"thumbnailUrl\":\"https:\\\/\\\/umg.ch\\\/wp-content\\\/uploads\\\/2020\\\/10\\\/forum-1.jpg\",\"datePublished\":\"2020-10-15T08:53:20+00:00\",\"dateModified\":\"2020-12-30T12:31:13+00:00\",\"author\":{\"@id\":\"https:\\\/\\\/umg.ch\\\/de\\\/#\\\/schema\\\/person\\\/cada3fd4465ba52936f2ff0c14314ad6\"},\"breadcrumb\":{\"@id\":\"https:\\\/\\\/umg.ch\\\/de\\\/lunion-maraichere-de-geneve-se-mobilise-pour-lutter-contre-le-gaspillage-alimentaire\\\/#breadcrumb\"},\"inLanguage\":\"de\",\"potentialAction\":[{\"@type\":\"ReadAction\",\"target\":[\"https:\\\/\\\/umg.ch\\\/de\\\/lunion-maraichere-de-geneve-se-mobilise-pour-lutter-contre-le-gaspillage-alimentaire\\\/\"]}]},{\"@type\":\"ImageObject\",\"inLanguage\":\"de\",\"@id\":\"https:\\\/\\\/umg.ch\\\/de\\\/lunion-maraichere-de-geneve-se-mobilise-pour-lutter-contre-le-gaspillage-alimentaire\\\/#primaryimage\",\"url\":\"https:\\\/\\\/umg.ch\\\/wp-content\\\/uploads\\\/2020\\\/10\\\/forum-1.jpg\",\"contentUrl\":\"https:\\\/\\\/umg.ch\\\/wp-content\\\/uploads\\\/2020\\\/10\\\/forum-1.jpg\",\"width\":300,\"height\":445},{\"@type\":\"BreadcrumbList\",\"@id\":\"https:\\\/\\\/umg.ch\\\/de\\\/lunion-maraichere-de-geneve-se-mobilise-pour-lutter-contre-le-gaspillage-alimentaire\\\/#breadcrumb\",\"itemListElement\":[{\"@type\":\"ListItem\",\"position\":1,\"name\":\"Startseite\",\"item\":\"https:\\\/\\\/umg.ch\\\/de\\\/\"},{\"@type\":\"ListItem\",\"position\":2,\"name\":\"Die Union Mara\u00eech\u00e8re de Gen\u00e8ve engagiert sich im Kampf gegen die Lebensmittelverschwendung\"}]},{\"@type\":\"WebSite\",\"@id\":\"https:\\\/\\\/umg.ch\\\/de\\\/#website\",\"url\":\"https:\\\/\\\/umg.ch\\\/de\\\/\",\"name\":\"Union Mara\u00eech\u00e8re de Gen\u00e8ve\",\"description\":\"Un terroir et des hommes\",\"potentialAction\":[{\"@type\":\"SearchAction\",\"target\":{\"@type\":\"EntryPoint\",\"urlTemplate\":\"https:\\\/\\\/umg.ch\\\/de\\\/?s={search_term_string}\"},\"query-input\":{\"@type\":\"PropertyValueSpecification\",\"valueRequired\":true,\"valueName\":\"search_term_string\"}}],\"inLanguage\":\"de\"},{\"@type\":\"Person\",\"@id\":\"https:\\\/\\\/umg.ch\\\/de\\\/#\\\/schema\\\/person\\\/cada3fd4465ba52936f2ff0c14314ad6\",\"name\":\"Aur\u00e9lien Picaud\",\"image\":{\"@type\":\"ImageObject\",\"inLanguage\":\"de\",\"@id\":\"https:\\\/\\\/secure.gravatar.com\\\/avatar\\\/404f0c8c1b5a5e3d478363d3264c05c4e8927c278998cb16f8049d97c627cdf1?s=96&d=mm&r=g\",\"url\":\"https:\\\/\\\/secure.gravatar.com\\\/avatar\\\/404f0c8c1b5a5e3d478363d3264c05c4e8927c278998cb16f8049d97c627cdf1?s=96&d=mm&r=g\",\"contentUrl\":\"https:\\\/\\\/secure.gravatar.com\\\/avatar\\\/404f0c8c1b5a5e3d478363d3264c05c4e8927c278998cb16f8049d97c627cdf1?s=96&d=mm&r=g\",\"caption\":\"Aur\u00e9lien Picaud\"},\"url\":\"https:\\\/\\\/umg.ch\\\/de\\\/author\\\/apicaud\\\/\"}]}<\/script>\n<!-- \/ Yoast SEO plugin. -->","yoast_head_json":{"title":"Die Union Mara\u00eech\u00e8re de Gen\u00e8ve engagiert sich im Kampf gegen die Lebensmittelverschwendung - Union Mara\u00eech\u00e8re de Gen\u00e8ve","robots":{"index":"index","follow":"follow","max-snippet":"max-snippet:-1","max-image-preview":"max-image-preview:large","max-video-preview":"max-video-preview:-1"},"canonical":"https:\/\/umg.ch\/de\/lunion-maraichere-de-geneve-se-mobilise-pour-lutter-contre-le-gaspillage-alimentaire\/","og_locale":"de_DE","og_type":"article","og_title":"Die Union Mara\u00eech\u00e8re de Gen\u00e8ve engagiert sich im Kampf gegen die Lebensmittelverschwendung - Union Mara\u00eech\u00e8re de Gen\u00e8ve","og_description":"Am Donnerstag, 15.\u00a0Oktober, stellt die UMG anl\u00e4sslich des Tages gegen die Lebensmittelverschwendung ihre Initiativen f\u00fcr die Reduktion von Lebensmittelabf\u00e4llen vor. Der Tag ist Teil des Zweiten Genfer Forums f\u00fcr nachhaltige [&hellip;]","og_url":"https:\/\/umg.ch\/de\/lunion-maraichere-de-geneve-se-mobilise-pour-lutter-contre-le-gaspillage-alimentaire\/","og_site_name":"Union Mara\u00eech\u00e8re de Gen\u00e8ve","article_published_time":"2020-10-15T08:53:20+00:00","article_modified_time":"2020-12-30T12:31:13+00:00","og_image":[{"width":300,"height":445,"url":"https:\/\/umg.ch\/wp-content\/uploads\/2020\/10\/forum-1.jpg","type":"image\/jpeg"}],"author":"Aur\u00e9lien Picaud","twitter_card":"summary_large_image","twitter_misc":{"Verfasst von":"Aur\u00e9lien Picaud","Gesch\u00e4tzte Lesezeit":"3\u00a0Minuten"},"schema":{"@context":"https:\/\/schema.org","@graph":[{"@type":"Article","@id":"https:\/\/umg.ch\/de\/lunion-maraichere-de-geneve-se-mobilise-pour-lutter-contre-le-gaspillage-alimentaire\/#article","isPartOf":{"@id":"https:\/\/umg.ch\/de\/lunion-maraichere-de-geneve-se-mobilise-pour-lutter-contre-le-gaspillage-alimentaire\/"},"author":{"name":"Aur\u00e9lien Picaud","@id":"https:\/\/umg.ch\/de\/#\/schema\/person\/cada3fd4465ba52936f2ff0c14314ad6"},"headline":"Die Union Mara\u00eech\u00e8re de Gen\u00e8ve engagiert sich im Kampf gegen die Lebensmittelverschwendung","datePublished":"2020-10-15T08:53:20+00:00","dateModified":"2020-12-30T12:31:13+00:00","mainEntityOfPage":{"@id":"https:\/\/umg.ch\/de\/lunion-maraichere-de-geneve-se-mobilise-pour-lutter-contre-le-gaspillage-alimentaire\/"},"wordCount":566,"image":{"@id":"https:\/\/umg.ch\/de\/lunion-maraichere-de-geneve-se-mobilise-pour-lutter-contre-le-gaspillage-alimentaire\/#primaryimage"},"thumbnailUrl":"https:\/\/umg.ch\/wp-content\/uploads\/2020\/10\/forum-1.jpg","articleSection":["News","Pressemitteilungen"],"inLanguage":"de"},{"@type":"WebPage","@id":"https:\/\/umg.ch\/de\/lunion-maraichere-de-geneve-se-mobilise-pour-lutter-contre-le-gaspillage-alimentaire\/","url":"https:\/\/umg.ch\/de\/lunion-maraichere-de-geneve-se-mobilise-pour-lutter-contre-le-gaspillage-alimentaire\/","name":"Die Union Mara\u00eech\u00e8re de Gen\u00e8ve engagiert sich im Kampf gegen die Lebensmittelverschwendung - Union Mara\u00eech\u00e8re de Gen\u00e8ve","isPartOf":{"@id":"https:\/\/umg.ch\/de\/#website"},"primaryImageOfPage":{"@id":"https:\/\/umg.ch\/de\/lunion-maraichere-de-geneve-se-mobilise-pour-lutter-contre-le-gaspillage-alimentaire\/#primaryimage"},"image":{"@id":"https:\/\/umg.ch\/de\/lunion-maraichere-de-geneve-se-mobilise-pour-lutter-contre-le-gaspillage-alimentaire\/#primaryimage"},"thumbnailUrl":"https:\/\/umg.ch\/wp-content\/uploads\/2020\/10\/forum-1.jpg","datePublished":"2020-10-15T08:53:20+00:00","dateModified":"2020-12-30T12:31:13+00:00","author":{"@id":"https:\/\/umg.ch\/de\/#\/schema\/person\/cada3fd4465ba52936f2ff0c14314ad6"},"breadcrumb":{"@id":"https:\/\/umg.ch\/de\/lunion-maraichere-de-geneve-se-mobilise-pour-lutter-contre-le-gaspillage-alimentaire\/#breadcrumb"},"inLanguage":"de","potentialAction":[{"@type":"ReadAction","target":["https:\/\/umg.ch\/de\/lunion-maraichere-de-geneve-se-mobilise-pour-lutter-contre-le-gaspillage-alimentaire\/"]}]},{"@type":"ImageObject","inLanguage":"de","@id":"https:\/\/umg.ch\/de\/lunion-maraichere-de-geneve-se-mobilise-pour-lutter-contre-le-gaspillage-alimentaire\/#primaryimage","url":"https:\/\/umg.ch\/wp-content\/uploads\/2020\/10\/forum-1.jpg","contentUrl":"https:\/\/umg.ch\/wp-content\/uploads\/2020\/10\/forum-1.jpg","width":300,"height":445},{"@type":"BreadcrumbList","@id":"https:\/\/umg.ch\/de\/lunion-maraichere-de-geneve-se-mobilise-pour-lutter-contre-le-gaspillage-alimentaire\/#breadcrumb","itemListElement":[{"@type":"ListItem","position":1,"name":"Startseite","item":"https:\/\/umg.ch\/de\/"},{"@type":"ListItem","position":2,"name":"Die Union Mara\u00eech\u00e8re de Gen\u00e8ve engagiert sich im Kampf gegen die Lebensmittelverschwendung"}]},{"@type":"WebSite","@id":"https:\/\/umg.ch\/de\/#website","url":"https:\/\/umg.ch\/de\/","name":"Union Mara\u00eech\u00e8re de Gen\u00e8ve","description":"Un terroir et des hommes","potentialAction":[{"@type":"SearchAction","target":{"@type":"EntryPoint","urlTemplate":"https:\/\/umg.ch\/de\/?s={search_term_string}"},"query-input":{"@type":"PropertyValueSpecification","valueRequired":true,"valueName":"search_term_string"}}],"inLanguage":"de"},{"@type":"Person","@id":"https:\/\/umg.ch\/de\/#\/schema\/person\/cada3fd4465ba52936f2ff0c14314ad6","name":"Aur\u00e9lien Picaud","image":{"@type":"ImageObject","inLanguage":"de","@id":"https:\/\/secure.gravatar.com\/avatar\/404f0c8c1b5a5e3d478363d3264c05c4e8927c278998cb16f8049d97c627cdf1?s=96&d=mm&r=g","url":"https:\/\/secure.gravatar.com\/avatar\/404f0c8c1b5a5e3d478363d3264c05c4e8927c278998cb16f8049d97c627cdf1?s=96&d=mm&r=g","contentUrl":"https:\/\/secure.gravatar.com\/avatar\/404f0c8c1b5a5e3d478363d3264c05c4e8927c278998cb16f8049d97c627cdf1?s=96&d=mm&r=g","caption":"Aur\u00e9lien Picaud"},"url":"https:\/\/umg.ch\/de\/author\/apicaud\/"}]}},"_links":{"self":[{"href":"https:\/\/umg.ch\/de\/wp-json\/wp\/v2\/posts\/3336","targetHints":{"allow":["GET"]}}],"collection":[{"href":"https:\/\/umg.ch\/de\/wp-json\/wp\/v2\/posts"}],"about":[{"href":"https:\/\/umg.ch\/de\/wp-json\/wp\/v2\/types\/post"}],"author":[{"embeddable":true,"href":"https:\/\/umg.ch\/de\/wp-json\/wp\/v2\/users\/3"}],"replies":[{"embeddable":true,"href":"https:\/\/umg.ch\/de\/wp-json\/wp\/v2\/comments?post=3336"}],"version-history":[{"count":2,"href":"https:\/\/umg.ch\/de\/wp-json\/wp\/v2\/posts\/3336\/revisions"}],"predecessor-version":[{"id":3538,"href":"https:\/\/umg.ch\/de\/wp-json\/wp\/v2\/posts\/3336\/revisions\/3538"}],"wp:featuredmedia":[{"embeddable":true,"href":"https:\/\/umg.ch\/de\/wp-json\/wp\/v2\/media\/3338"}],"wp:attachment":[{"href":"https:\/\/umg.ch\/de\/wp-json\/wp\/v2\/media?parent=3336"}],"wp:term":[{"taxonomy":"category","embeddable":true,"href":"https:\/\/umg.ch\/de\/wp-json\/wp\/v2\/categories?post=3336"},{"taxonomy":"post_tag","embeddable":true,"href":"https:\/\/umg.ch\/de\/wp-json\/wp\/v2\/tags?post=3336"}],"curies":[{"name":"wp","href":"https:\/\/api.w.org\/{rel}","templated":true}]}}