{"id":3312,"date":"2020-12-07T12:19:45","date_gmt":"2020-12-07T11:19:45","guid":{"rendered":"https:\/\/umg.ch\/epicerie-ephemere-a-lodeon\/"},"modified":"2020-12-14T14:42:11","modified_gmt":"2020-12-14T13:42:11","slug":"epicerie-ephemere-a-lodeon","status":"publish","type":"post","link":"https:\/\/umg.ch\/de\/epicerie-ephemere-a-lodeon\/","title":{"rendered":"Gem\u00fcse-Pop-up-Store im Restaurant Od\u00e9on"},"content":{"rendered":"\n<figure class=\"wp-block-image size-large is-resized\"><img loading=\"lazy\" decoding=\"async\" src=\"https:\/\/umg.ch\/wp-content\/uploads\/2020\/12\/1-2.jpg\" alt=\"\" class=\"wp-image-2762\" width=\"608\" height=\"606\" srcset=\"https:\/\/umg.ch\/wp-content\/uploads\/2020\/12\/1-2.jpg 828w, https:\/\/umg.ch\/wp-content\/uploads\/2020\/12\/1-2-600x598.jpg 600w, https:\/\/umg.ch\/wp-content\/uploads\/2020\/12\/1-2-768x765.jpg 768w\" sizes=\"auto, (max-width: 608px) 100vw, 608px\" \/><\/figure>\n\n\n\n<p>W\u00e4hrend des Teillockdowns in Genf bot die UMG in Zusammenarbeit mit dem Restaurant Od\u00e9on ihre Frischprodukte parallel zum Take-Away-Angebot des Restaurants an.<\/p>\n\n\n\n<p><\/p>\n\n\n\n<p>Diese Aktion war ein grosser Erfolg und wird daher bis zur Wiederer\u00f6ffnung des Restaurants fortgef\u00fchrt.<\/p>\n\n\n\n<p><\/p>\n\n\n\n<p>www.odeongeneve.ch<\/p>\n\n\n\n<p><\/p>\n\n\n\n<p><\/p>\n\n\n\n<figure class=\"wp-block-gallery columns-3 is-cropped wp-block-gallery-1 is-layout-flex wp-block-gallery-is-layout-flex\"><ul class=\"blocks-gallery-grid\"><li class=\"blocks-gallery-item\"><figure><img loading=\"lazy\" decoding=\"async\" width=\"1170\" height=\"878\" src=\"https:\/\/umg.ch\/wp-content\/uploads\/2020\/12\/2-1170x878.jpeg\" alt=\"\" data-id=\"2758\" data-full-url=\"https:\/\/umg.ch\/wp-content\/uploads\/2020\/12\/2.jpeg\" data-link=\"https:\/\/umg.ch\/?attachment_id=2758\" class=\"wp-image-2758\" srcset=\"https:\/\/umg.ch\/wp-content\/uploads\/2020\/12\/2-1170x878.jpeg 1170w, https:\/\/umg.ch\/wp-content\/uploads\/2020\/12\/2-600x450.jpeg 600w, https:\/\/umg.ch\/wp-content\/uploads\/2020\/12\/2-768x576.jpeg 768w, https:\/\/umg.ch\/wp-content\/uploads\/2020\/12\/2-1536x1152.jpeg 1536w, https:\/\/umg.ch\/wp-content\/uploads\/2020\/12\/2-900x675.jpeg 900w, https:\/\/umg.ch\/wp-content\/uploads\/2020\/12\/2-120x90.jpeg 120w, https:\/\/umg.ch\/wp-content\/uploads\/2020\/12\/2.jpeg 1600w\" sizes=\"auto, (max-width: 1170px) 100vw, 1170px\" \/><\/figure><\/li><li class=\"blocks-gallery-item\"><figure><img loading=\"lazy\" decoding=\"async\" width=\"1170\" height=\"878\" src=\"https:\/\/umg.ch\/wp-content\/uploads\/2020\/12\/3-1170x878.jpeg\" alt=\"\" data-id=\"2759\" data-full-url=\"https:\/\/umg.ch\/wp-content\/uploads\/2020\/12\/3.jpeg\" data-link=\"https:\/\/umg.ch\/?attachment_id=2759\" class=\"wp-image-2759\" srcset=\"https:\/\/umg.ch\/wp-content\/uploads\/2020\/12\/3-1170x878.jpeg 1170w, https:\/\/umg.ch\/wp-content\/uploads\/2020\/12\/3-600x450.jpeg 600w, https:\/\/umg.ch\/wp-content\/uploads\/2020\/12\/3-768x576.jpeg 768w, https:\/\/umg.ch\/wp-content\/uploads\/2020\/12\/3-1536x1152.jpeg 1536w, https:\/\/umg.ch\/wp-content\/uploads\/2020\/12\/3-900x675.jpeg 900w, https:\/\/umg.ch\/wp-content\/uploads\/2020\/12\/3-120x90.jpeg 120w, https:\/\/umg.ch\/wp-content\/uploads\/2020\/12\/3.jpeg 1600w\" sizes=\"auto, (max-width: 1170px) 100vw, 1170px\" \/><\/figure><\/li><li class=\"blocks-gallery-item\"><figure><img loading=\"lazy\" decoding=\"async\" width=\"1170\" height=\"878\" src=\"https:\/\/umg.ch\/wp-content\/uploads\/2020\/12\/4-1170x878.jpeg\" alt=\"\" data-id=\"2760\" data-full-url=\"https:\/\/umg.ch\/wp-content\/uploads\/2020\/12\/4.jpeg\" data-link=\"https:\/\/umg.ch\/?attachment_id=2760\" class=\"wp-image-2760\" srcset=\"https:\/\/umg.ch\/wp-content\/uploads\/2020\/12\/4-1170x878.jpeg 1170w, https:\/\/umg.ch\/wp-content\/uploads\/2020\/12\/4-600x450.jpeg 600w, https:\/\/umg.ch\/wp-content\/uploads\/2020\/12\/4-768x576.jpeg 768w, https:\/\/umg.ch\/wp-content\/uploads\/2020\/12\/4-1536x1152.jpeg 1536w, https:\/\/umg.ch\/wp-content\/uploads\/2020\/12\/4-900x675.jpeg 900w, https:\/\/umg.ch\/wp-content\/uploads\/2020\/12\/4-120x90.jpeg 120w, https:\/\/umg.ch\/wp-content\/uploads\/2020\/12\/4.jpeg 1600w\" sizes=\"auto, (max-width: 1170px) 100vw, 1170px\" \/><\/figure><\/li><\/ul><\/figure>\n","protected":false},"excerpt":{"rendered":"<p>W\u00e4hrend des Teillockdowns in Genf bot die UMG in Zusammenarbeit mit dem Restaurant Od\u00e9on ihre Frischprodukte parallel zum Take-Away-Angebot des Restaurants an. Diese Aktion war ein grosser Erfolg und wird [&hellip;]<\/p>\n","protected":false},"author":3,"featured_media":3313,"comment_status":"closed","ping_status":"closed","sticky":false,"template":"","format":"standard","meta":{"_acf_changed":false,"inline_featured_image":false,"footnotes":""},"categories":[57],"tags":[],"class_list":["post-3312","post","type-post","status-publish","format-standard","has-post-thumbnail","hentry","category-news"],"acf":[],"yoast_head":"<!-- This site is optimized with the Yoast SEO plugin v27.4 - https:\/\/yoast.com\/product\/yoast-seo-wordpress\/ -->\n<title>Gem\u00fcse-Pop-up-Store im Restaurant Od\u00e9on - Union Mara\u00eech\u00e8re de Gen\u00e8ve<\/title>\n<meta name=\"robots\" content=\"index, follow, max-snippet:-1, max-image-preview:large, max-video-preview:-1\" \/>\n<link rel=\"canonical\" href=\"https:\/\/umg.ch\/de\/epicerie-ephemere-a-lodeon\/\" \/>\n<meta property=\"og:locale\" content=\"de_DE\" \/>\n<meta property=\"og:type\" content=\"article\" \/>\n<meta property=\"og:title\" content=\"Gem\u00fcse-Pop-up-Store im Restaurant Od\u00e9on - Union Mara\u00eech\u00e8re de Gen\u00e8ve\" \/>\n<meta property=\"og:description\" content=\"W\u00e4hrend des Teillockdowns in Genf bot die UMG in Zusammenarbeit mit dem Restaurant Od\u00e9on ihre Frischprodukte parallel zum Take-Away-Angebot des Restaurants an. Diese Aktion war ein grosser Erfolg und wird [&hellip;]\" \/>\n<meta property=\"og:url\" content=\"https:\/\/umg.ch\/de\/epicerie-ephemere-a-lodeon\/\" \/>\n<meta property=\"og:site_name\" content=\"Union Mara\u00eech\u00e8re de Gen\u00e8ve\" \/>\n<meta property=\"article:published_time\" content=\"2020-12-07T11:19:45+00:00\" \/>\n<meta property=\"article:modified_time\" content=\"2020-12-14T13:42:11+00:00\" \/>\n<meta property=\"og:image\" content=\"https:\/\/umg.ch\/wp-content\/uploads\/2020\/12\/1.jpg\" \/>\n\t<meta property=\"og:image:width\" content=\"828\" \/>\n\t<meta property=\"og:image:height\" content=\"825\" \/>\n\t<meta property=\"og:image:type\" content=\"image\/jpeg\" \/>\n<meta name=\"author\" content=\"Aur\u00e9lien Picaud\" \/>\n<meta name=\"twitter:card\" content=\"summary_large_image\" \/>\n<meta name=\"twitter:label1\" content=\"Verfasst von\" \/>\n\t<meta name=\"twitter:data1\" content=\"Aur\u00e9lien Picaud\" \/>\n<script type=\"application\/ld+json\" class=\"yoast-schema-graph\">{\"@context\":\"https:\\\/\\\/schema.org\",\"@graph\":[{\"@type\":\"Article\",\"@id\":\"https:\\\/\\\/umg.ch\\\/de\\\/epicerie-ephemere-a-lodeon\\\/#article\",\"isPartOf\":{\"@id\":\"https:\\\/\\\/umg.ch\\\/de\\\/epicerie-ephemere-a-lodeon\\\/\"},\"author\":{\"name\":\"Aur\u00e9lien Picaud\",\"@id\":\"https:\\\/\\\/umg.ch\\\/de\\\/#\\\/schema\\\/person\\\/cada3fd4465ba52936f2ff0c14314ad6\"},\"headline\":\"Gem\u00fcse-Pop-up-Store im Restaurant Od\u00e9on\",\"datePublished\":\"2020-12-07T11:19:45+00:00\",\"dateModified\":\"2020-12-14T13:42:11+00:00\",\"mainEntityOfPage\":{\"@id\":\"https:\\\/\\\/umg.ch\\\/de\\\/epicerie-ephemere-a-lodeon\\\/\"},\"wordCount\":50,\"image\":{\"@id\":\"https:\\\/\\\/umg.ch\\\/de\\\/epicerie-ephemere-a-lodeon\\\/#primaryimage\"},\"thumbnailUrl\":\"https:\\\/\\\/umg.ch\\\/wp-content\\\/uploads\\\/2020\\\/12\\\/1.jpg\",\"articleSection\":[\"News\"],\"inLanguage\":\"de\"},{\"@type\":\"WebPage\",\"@id\":\"https:\\\/\\\/umg.ch\\\/de\\\/epicerie-ephemere-a-lodeon\\\/\",\"url\":\"https:\\\/\\\/umg.ch\\\/de\\\/epicerie-ephemere-a-lodeon\\\/\",\"name\":\"Gem\u00fcse-Pop-up-Store im Restaurant Od\u00e9on - Union Mara\u00eech\u00e8re de Gen\u00e8ve\",\"isPartOf\":{\"@id\":\"https:\\\/\\\/umg.ch\\\/de\\\/#website\"},\"primaryImageOfPage\":{\"@id\":\"https:\\\/\\\/umg.ch\\\/de\\\/epicerie-ephemere-a-lodeon\\\/#primaryimage\"},\"image\":{\"@id\":\"https:\\\/\\\/umg.ch\\\/de\\\/epicerie-ephemere-a-lodeon\\\/#primaryimage\"},\"thumbnailUrl\":\"https:\\\/\\\/umg.ch\\\/wp-content\\\/uploads\\\/2020\\\/12\\\/1.jpg\",\"datePublished\":\"2020-12-07T11:19:45+00:00\",\"dateModified\":\"2020-12-14T13:42:11+00:00\",\"author\":{\"@id\":\"https:\\\/\\\/umg.ch\\\/de\\\/#\\\/schema\\\/person\\\/cada3fd4465ba52936f2ff0c14314ad6\"},\"breadcrumb\":{\"@id\":\"https:\\\/\\\/umg.ch\\\/de\\\/epicerie-ephemere-a-lodeon\\\/#breadcrumb\"},\"inLanguage\":\"de\",\"potentialAction\":[{\"@type\":\"ReadAction\",\"target\":[\"https:\\\/\\\/umg.ch\\\/de\\\/epicerie-ephemere-a-lodeon\\\/\"]}]},{\"@type\":\"ImageObject\",\"inLanguage\":\"de\",\"@id\":\"https:\\\/\\\/umg.ch\\\/de\\\/epicerie-ephemere-a-lodeon\\\/#primaryimage\",\"url\":\"https:\\\/\\\/umg.ch\\\/wp-content\\\/uploads\\\/2020\\\/12\\\/1.jpg\",\"contentUrl\":\"https:\\\/\\\/umg.ch\\\/wp-content\\\/uploads\\\/2020\\\/12\\\/1.jpg\",\"width\":828,\"height\":825},{\"@type\":\"BreadcrumbList\",\"@id\":\"https:\\\/\\\/umg.ch\\\/de\\\/epicerie-ephemere-a-lodeon\\\/#breadcrumb\",\"itemListElement\":[{\"@type\":\"ListItem\",\"position\":1,\"name\":\"Startseite\",\"item\":\"https:\\\/\\\/umg.ch\\\/de\\\/\"},{\"@type\":\"ListItem\",\"position\":2,\"name\":\"Gem\u00fcse-Pop-up-Store im Restaurant Od\u00e9on\"}]},{\"@type\":\"WebSite\",\"@id\":\"https:\\\/\\\/umg.ch\\\/de\\\/#website\",\"url\":\"https:\\\/\\\/umg.ch\\\/de\\\/\",\"name\":\"Union Mara\u00eech\u00e8re de Gen\u00e8ve\",\"description\":\"Un terroir et des hommes\",\"potentialAction\":[{\"@type\":\"SearchAction\",\"target\":{\"@type\":\"EntryPoint\",\"urlTemplate\":\"https:\\\/\\\/umg.ch\\\/de\\\/?s={search_term_string}\"},\"query-input\":{\"@type\":\"PropertyValueSpecification\",\"valueRequired\":true,\"valueName\":\"search_term_string\"}}],\"inLanguage\":\"de\"},{\"@type\":\"Person\",\"@id\":\"https:\\\/\\\/umg.ch\\\/de\\\/#\\\/schema\\\/person\\\/cada3fd4465ba52936f2ff0c14314ad6\",\"name\":\"Aur\u00e9lien Picaud\",\"image\":{\"@type\":\"ImageObject\",\"inLanguage\":\"de\",\"@id\":\"https:\\\/\\\/secure.gravatar.com\\\/avatar\\\/404f0c8c1b5a5e3d478363d3264c05c4e8927c278998cb16f8049d97c627cdf1?s=96&d=mm&r=g\",\"url\":\"https:\\\/\\\/secure.gravatar.com\\\/avatar\\\/404f0c8c1b5a5e3d478363d3264c05c4e8927c278998cb16f8049d97c627cdf1?s=96&d=mm&r=g\",\"contentUrl\":\"https:\\\/\\\/secure.gravatar.com\\\/avatar\\\/404f0c8c1b5a5e3d478363d3264c05c4e8927c278998cb16f8049d97c627cdf1?s=96&d=mm&r=g\",\"caption\":\"Aur\u00e9lien Picaud\"},\"url\":\"https:\\\/\\\/umg.ch\\\/de\\\/author\\\/apicaud\\\/\"}]}<\/script>\n<!-- \/ Yoast SEO plugin. -->","yoast_head_json":{"title":"Gem\u00fcse-Pop-up-Store im Restaurant Od\u00e9on - Union Mara\u00eech\u00e8re de Gen\u00e8ve","robots":{"index":"index","follow":"follow","max-snippet":"max-snippet:-1","max-image-preview":"max-image-preview:large","max-video-preview":"max-video-preview:-1"},"canonical":"https:\/\/umg.ch\/de\/epicerie-ephemere-a-lodeon\/","og_locale":"de_DE","og_type":"article","og_title":"Gem\u00fcse-Pop-up-Store im Restaurant Od\u00e9on - Union Mara\u00eech\u00e8re de Gen\u00e8ve","og_description":"W\u00e4hrend des Teillockdowns in Genf bot die UMG in Zusammenarbeit mit dem Restaurant Od\u00e9on ihre Frischprodukte parallel zum Take-Away-Angebot des Restaurants an. Diese Aktion war ein grosser Erfolg und wird [&hellip;]","og_url":"https:\/\/umg.ch\/de\/epicerie-ephemere-a-lodeon\/","og_site_name":"Union Mara\u00eech\u00e8re de Gen\u00e8ve","article_published_time":"2020-12-07T11:19:45+00:00","article_modified_time":"2020-12-14T13:42:11+00:00","og_image":[{"width":828,"height":825,"url":"https:\/\/umg.ch\/wp-content\/uploads\/2020\/12\/1.jpg","type":"image\/jpeg"}],"author":"Aur\u00e9lien Picaud","twitter_card":"summary_large_image","twitter_misc":{"Verfasst von":"Aur\u00e9lien Picaud"},"schema":{"@context":"https:\/\/schema.org","@graph":[{"@type":"Article","@id":"https:\/\/umg.ch\/de\/epicerie-ephemere-a-lodeon\/#article","isPartOf":{"@id":"https:\/\/umg.ch\/de\/epicerie-ephemere-a-lodeon\/"},"author":{"name":"Aur\u00e9lien Picaud","@id":"https:\/\/umg.ch\/de\/#\/schema\/person\/cada3fd4465ba52936f2ff0c14314ad6"},"headline":"Gem\u00fcse-Pop-up-Store im Restaurant Od\u00e9on","datePublished":"2020-12-07T11:19:45+00:00","dateModified":"2020-12-14T13:42:11+00:00","mainEntityOfPage":{"@id":"https:\/\/umg.ch\/de\/epicerie-ephemere-a-lodeon\/"},"wordCount":50,"image":{"@id":"https:\/\/umg.ch\/de\/epicerie-ephemere-a-lodeon\/#primaryimage"},"thumbnailUrl":"https:\/\/umg.ch\/wp-content\/uploads\/2020\/12\/1.jpg","articleSection":["News"],"inLanguage":"de"},{"@type":"WebPage","@id":"https:\/\/umg.ch\/de\/epicerie-ephemere-a-lodeon\/","url":"https:\/\/umg.ch\/de\/epicerie-ephemere-a-lodeon\/","name":"Gem\u00fcse-Pop-up-Store im Restaurant Od\u00e9on - Union Mara\u00eech\u00e8re de Gen\u00e8ve","isPartOf":{"@id":"https:\/\/umg.ch\/de\/#website"},"primaryImageOfPage":{"@id":"https:\/\/umg.ch\/de\/epicerie-ephemere-a-lodeon\/#primaryimage"},"image":{"@id":"https:\/\/umg.ch\/de\/epicerie-ephemere-a-lodeon\/#primaryimage"},"thumbnailUrl":"https:\/\/umg.ch\/wp-content\/uploads\/2020\/12\/1.jpg","datePublished":"2020-12-07T11:19:45+00:00","dateModified":"2020-12-14T13:42:11+00:00","author":{"@id":"https:\/\/umg.ch\/de\/#\/schema\/person\/cada3fd4465ba52936f2ff0c14314ad6"},"breadcrumb":{"@id":"https:\/\/umg.ch\/de\/epicerie-ephemere-a-lodeon\/#breadcrumb"},"inLanguage":"de","potentialAction":[{"@type":"ReadAction","target":["https:\/\/umg.ch\/de\/epicerie-ephemere-a-lodeon\/"]}]},{"@type":"ImageObject","inLanguage":"de","@id":"https:\/\/umg.ch\/de\/epicerie-ephemere-a-lodeon\/#primaryimage","url":"https:\/\/umg.ch\/wp-content\/uploads\/2020\/12\/1.jpg","contentUrl":"https:\/\/umg.ch\/wp-content\/uploads\/2020\/12\/1.jpg","width":828,"height":825},{"@type":"BreadcrumbList","@id":"https:\/\/umg.ch\/de\/epicerie-ephemere-a-lodeon\/#breadcrumb","itemListElement":[{"@type":"ListItem","position":1,"name":"Startseite","item":"https:\/\/umg.ch\/de\/"},{"@type":"ListItem","position":2,"name":"Gem\u00fcse-Pop-up-Store im Restaurant Od\u00e9on"}]},{"@type":"WebSite","@id":"https:\/\/umg.ch\/de\/#website","url":"https:\/\/umg.ch\/de\/","name":"Union Mara\u00eech\u00e8re de Gen\u00e8ve","description":"Un terroir et des hommes","potentialAction":[{"@type":"SearchAction","target":{"@type":"EntryPoint","urlTemplate":"https:\/\/umg.ch\/de\/?s={search_term_string}"},"query-input":{"@type":"PropertyValueSpecification","valueRequired":true,"valueName":"search_term_string"}}],"inLanguage":"de"},{"@type":"Person","@id":"https:\/\/umg.ch\/de\/#\/schema\/person\/cada3fd4465ba52936f2ff0c14314ad6","name":"Aur\u00e9lien Picaud","image":{"@type":"ImageObject","inLanguage":"de","@id":"https:\/\/secure.gravatar.com\/avatar\/404f0c8c1b5a5e3d478363d3264c05c4e8927c278998cb16f8049d97c627cdf1?s=96&d=mm&r=g","url":"https:\/\/secure.gravatar.com\/avatar\/404f0c8c1b5a5e3d478363d3264c05c4e8927c278998cb16f8049d97c627cdf1?s=96&d=mm&r=g","contentUrl":"https:\/\/secure.gravatar.com\/avatar\/404f0c8c1b5a5e3d478363d3264c05c4e8927c278998cb16f8049d97c627cdf1?s=96&d=mm&r=g","caption":"Aur\u00e9lien Picaud"},"url":"https:\/\/umg.ch\/de\/author\/apicaud\/"}]}},"_links":{"self":[{"href":"https:\/\/umg.ch\/de\/wp-json\/wp\/v2\/posts\/3312","targetHints":{"allow":["GET"]}}],"collection":[{"href":"https:\/\/umg.ch\/de\/wp-json\/wp\/v2\/posts"}],"about":[{"href":"https:\/\/umg.ch\/de\/wp-json\/wp\/v2\/types\/post"}],"author":[{"embeddable":true,"href":"https:\/\/umg.ch\/de\/wp-json\/wp\/v2\/users\/3"}],"replies":[{"embeddable":true,"href":"https:\/\/umg.ch\/de\/wp-json\/wp\/v2\/comments?post=3312"}],"version-history":[{"count":1,"href":"https:\/\/umg.ch\/de\/wp-json\/wp\/v2\/posts\/3312\/revisions"}],"predecessor-version":[{"id":3315,"href":"https:\/\/umg.ch\/de\/wp-json\/wp\/v2\/posts\/3312\/revisions\/3315"}],"wp:featuredmedia":[{"embeddable":true,"href":"https:\/\/umg.ch\/de\/wp-json\/wp\/v2\/media\/3313"}],"wp:attachment":[{"href":"https:\/\/umg.ch\/de\/wp-json\/wp\/v2\/media?parent=3312"}],"wp:term":[{"taxonomy":"category","embeddable":true,"href":"https:\/\/umg.ch\/de\/wp-json\/wp\/v2\/categories?post=3312"},{"taxonomy":"post_tag","embeddable":true,"href":"https:\/\/umg.ch\/de\/wp-json\/wp\/v2\/tags?post=3312"}],"curies":[{"name":"wp","href":"https:\/\/api.w.org\/{rel}","templated":true}]}}