{"id":323,"date":"2018-08-22T12:18:48","date_gmt":"2018-08-22T10:18:48","guid":{"rendered":"https:\/\/umg.ch\/?p=323"},"modified":"2018-08-22T12:18:48","modified_gmt":"2018-08-22T10:18:48","slug":"hopp-suisse-la-tomate-du-fan","status":"publish","type":"post","link":"https:\/\/umg.ch\/de\/hopp-suisse-la-tomate-du-fan\/","title":{"rendered":"Hopp Suisse &#8211; la tomate du fan"},"content":{"rendered":"<p>A l&#8217;occasion du mondial 2018, les mara\u00eechers genevois &#8230;&#8230;<\/p>\n","protected":false},"excerpt":{"rendered":"<p>A l&#8217;occasion du mondial 2018, les mara\u00eechers genevois &#8230;&#8230;<\/p>\n","protected":false},"author":3,"featured_media":0,"comment_status":"closed","ping_status":"closed","sticky":false,"template":"","format":"standard","meta":{"_acf_changed":false,"inline_featured_image":false,"footnotes":""},"categories":[1],"tags":[],"class_list":["post-323","post","type-post","status-publish","format-standard","hentry","category-non-classifiee"],"acf":[],"yoast_head":"<!-- This site is optimized with the Yoast SEO plugin v27.4 - https:\/\/yoast.com\/product\/yoast-seo-wordpress\/ -->\n<title>Hopp Suisse - la tomate du fan - Union Mara\u00eech\u00e8re de Gen\u00e8ve<\/title>\n<meta name=\"robots\" content=\"index, follow, max-snippet:-1, max-image-preview:large, max-video-preview:-1\" \/>\n<link rel=\"canonical\" href=\"https:\/\/umg.ch\/de\/hopp-suisse-la-tomate-du-fan\/\" \/>\n<meta property=\"og:locale\" content=\"de_DE\" \/>\n<meta property=\"og:type\" content=\"article\" \/>\n<meta property=\"og:title\" content=\"Hopp Suisse - la tomate du fan - Union Mara\u00eech\u00e8re de Gen\u00e8ve\" \/>\n<meta property=\"og:description\" content=\"A l&#8217;occasion du mondial 2018, les mara\u00eechers genevois &#8230;&#8230;\" \/>\n<meta property=\"og:url\" content=\"https:\/\/umg.ch\/de\/hopp-suisse-la-tomate-du-fan\/\" \/>\n<meta property=\"og:site_name\" content=\"Union Mara\u00eech\u00e8re de Gen\u00e8ve\" \/>\n<meta property=\"article:published_time\" content=\"2018-08-22T10:18:48+00:00\" \/>\n<meta name=\"author\" content=\"Aur\u00e9lien Picaud\" \/>\n<meta name=\"twitter:card\" content=\"summary_large_image\" \/>\n<meta name=\"twitter:label1\" content=\"Verfasst von\" \/>\n\t<meta name=\"twitter:data1\" content=\"Aur\u00e9lien Picaud\" \/>\n<script type=\"application\/ld+json\" class=\"yoast-schema-graph\">{\"@context\":\"https:\\\/\\\/schema.org\",\"@graph\":[{\"@type\":\"Article\",\"@id\":\"https:\\\/\\\/umg.ch\\\/de\\\/hopp-suisse-la-tomate-du-fan\\\/#article\",\"isPartOf\":{\"@id\":\"https:\\\/\\\/umg.ch\\\/de\\\/hopp-suisse-la-tomate-du-fan\\\/\"},\"author\":{\"name\":\"Aur\u00e9lien Picaud\",\"@id\":\"https:\\\/\\\/umg.ch\\\/de\\\/#\\\/schema\\\/person\\\/cada3fd4465ba52936f2ff0c14314ad6\"},\"headline\":\"Hopp Suisse &#8211; la tomate du fan\",\"datePublished\":\"2018-08-22T10:18:48+00:00\",\"mainEntityOfPage\":{\"@id\":\"https:\\\/\\\/umg.ch\\\/de\\\/hopp-suisse-la-tomate-du-fan\\\/\"},\"wordCount\":16,\"articleSection\":[\"Non classifi\u00e9(e)\"],\"inLanguage\":\"de\"},{\"@type\":\"WebPage\",\"@id\":\"https:\\\/\\\/umg.ch\\\/de\\\/hopp-suisse-la-tomate-du-fan\\\/\",\"url\":\"https:\\\/\\\/umg.ch\\\/de\\\/hopp-suisse-la-tomate-du-fan\\\/\",\"name\":\"Hopp Suisse - la tomate du fan - Union Mara\u00eech\u00e8re de Gen\u00e8ve\",\"isPartOf\":{\"@id\":\"https:\\\/\\\/umg.ch\\\/de\\\/#website\"},\"datePublished\":\"2018-08-22T10:18:48+00:00\",\"author\":{\"@id\":\"https:\\\/\\\/umg.ch\\\/de\\\/#\\\/schema\\\/person\\\/cada3fd4465ba52936f2ff0c14314ad6\"},\"breadcrumb\":{\"@id\":\"https:\\\/\\\/umg.ch\\\/de\\\/hopp-suisse-la-tomate-du-fan\\\/#breadcrumb\"},\"inLanguage\":\"de\",\"potentialAction\":[{\"@type\":\"ReadAction\",\"target\":[\"https:\\\/\\\/umg.ch\\\/de\\\/hopp-suisse-la-tomate-du-fan\\\/\"]}]},{\"@type\":\"BreadcrumbList\",\"@id\":\"https:\\\/\\\/umg.ch\\\/de\\\/hopp-suisse-la-tomate-du-fan\\\/#breadcrumb\",\"itemListElement\":[{\"@type\":\"ListItem\",\"position\":1,\"name\":\"Startseite\",\"item\":\"https:\\\/\\\/umg.ch\\\/de\\\/\"},{\"@type\":\"ListItem\",\"position\":2,\"name\":\"Hopp Suisse &#8211; la tomate du fan\"}]},{\"@type\":\"WebSite\",\"@id\":\"https:\\\/\\\/umg.ch\\\/de\\\/#website\",\"url\":\"https:\\\/\\\/umg.ch\\\/de\\\/\",\"name\":\"Union Mara\u00eech\u00e8re de Gen\u00e8ve\",\"description\":\"Un terroir et des hommes\",\"potentialAction\":[{\"@type\":\"SearchAction\",\"target\":{\"@type\":\"EntryPoint\",\"urlTemplate\":\"https:\\\/\\\/umg.ch\\\/de\\\/?s={search_term_string}\"},\"query-input\":{\"@type\":\"PropertyValueSpecification\",\"valueRequired\":true,\"valueName\":\"search_term_string\"}}],\"inLanguage\":\"de\"},{\"@type\":\"Person\",\"@id\":\"https:\\\/\\\/umg.ch\\\/de\\\/#\\\/schema\\\/person\\\/cada3fd4465ba52936f2ff0c14314ad6\",\"name\":\"Aur\u00e9lien Picaud\",\"image\":{\"@type\":\"ImageObject\",\"inLanguage\":\"de\",\"@id\":\"https:\\\/\\\/secure.gravatar.com\\\/avatar\\\/404f0c8c1b5a5e3d478363d3264c05c4e8927c278998cb16f8049d97c627cdf1?s=96&d=mm&r=g\",\"url\":\"https:\\\/\\\/secure.gravatar.com\\\/avatar\\\/404f0c8c1b5a5e3d478363d3264c05c4e8927c278998cb16f8049d97c627cdf1?s=96&d=mm&r=g\",\"contentUrl\":\"https:\\\/\\\/secure.gravatar.com\\\/avatar\\\/404f0c8c1b5a5e3d478363d3264c05c4e8927c278998cb16f8049d97c627cdf1?s=96&d=mm&r=g\",\"caption\":\"Aur\u00e9lien Picaud\"},\"url\":\"https:\\\/\\\/umg.ch\\\/de\\\/author\\\/apicaud\\\/\"}]}<\/script>\n<!-- \/ Yoast SEO plugin. -->","yoast_head_json":{"title":"Hopp Suisse - la tomate du fan - Union Mara\u00eech\u00e8re de Gen\u00e8ve","robots":{"index":"index","follow":"follow","max-snippet":"max-snippet:-1","max-image-preview":"max-image-preview:large","max-video-preview":"max-video-preview:-1"},"canonical":"https:\/\/umg.ch\/de\/hopp-suisse-la-tomate-du-fan\/","og_locale":"de_DE","og_type":"article","og_title":"Hopp Suisse - la tomate du fan - Union Mara\u00eech\u00e8re de Gen\u00e8ve","og_description":"A l&#8217;occasion du mondial 2018, les mara\u00eechers genevois &#8230;&#8230;","og_url":"https:\/\/umg.ch\/de\/hopp-suisse-la-tomate-du-fan\/","og_site_name":"Union Mara\u00eech\u00e8re de Gen\u00e8ve","article_published_time":"2018-08-22T10:18:48+00:00","author":"Aur\u00e9lien Picaud","twitter_card":"summary_large_image","twitter_misc":{"Verfasst von":"Aur\u00e9lien Picaud"},"schema":{"@context":"https:\/\/schema.org","@graph":[{"@type":"Article","@id":"https:\/\/umg.ch\/de\/hopp-suisse-la-tomate-du-fan\/#article","isPartOf":{"@id":"https:\/\/umg.ch\/de\/hopp-suisse-la-tomate-du-fan\/"},"author":{"name":"Aur\u00e9lien Picaud","@id":"https:\/\/umg.ch\/de\/#\/schema\/person\/cada3fd4465ba52936f2ff0c14314ad6"},"headline":"Hopp Suisse &#8211; la tomate du fan","datePublished":"2018-08-22T10:18:48+00:00","mainEntityOfPage":{"@id":"https:\/\/umg.ch\/de\/hopp-suisse-la-tomate-du-fan\/"},"wordCount":16,"articleSection":["Non classifi\u00e9(e)"],"inLanguage":"de"},{"@type":"WebPage","@id":"https:\/\/umg.ch\/de\/hopp-suisse-la-tomate-du-fan\/","url":"https:\/\/umg.ch\/de\/hopp-suisse-la-tomate-du-fan\/","name":"Hopp Suisse - la tomate du fan - Union Mara\u00eech\u00e8re de Gen\u00e8ve","isPartOf":{"@id":"https:\/\/umg.ch\/de\/#website"},"datePublished":"2018-08-22T10:18:48+00:00","author":{"@id":"https:\/\/umg.ch\/de\/#\/schema\/person\/cada3fd4465ba52936f2ff0c14314ad6"},"breadcrumb":{"@id":"https:\/\/umg.ch\/de\/hopp-suisse-la-tomate-du-fan\/#breadcrumb"},"inLanguage":"de","potentialAction":[{"@type":"ReadAction","target":["https:\/\/umg.ch\/de\/hopp-suisse-la-tomate-du-fan\/"]}]},{"@type":"BreadcrumbList","@id":"https:\/\/umg.ch\/de\/hopp-suisse-la-tomate-du-fan\/#breadcrumb","itemListElement":[{"@type":"ListItem","position":1,"name":"Startseite","item":"https:\/\/umg.ch\/de\/"},{"@type":"ListItem","position":2,"name":"Hopp Suisse &#8211; la tomate du fan"}]},{"@type":"WebSite","@id":"https:\/\/umg.ch\/de\/#website","url":"https:\/\/umg.ch\/de\/","name":"Union Mara\u00eech\u00e8re de Gen\u00e8ve","description":"Un terroir et des hommes","potentialAction":[{"@type":"SearchAction","target":{"@type":"EntryPoint","urlTemplate":"https:\/\/umg.ch\/de\/?s={search_term_string}"},"query-input":{"@type":"PropertyValueSpecification","valueRequired":true,"valueName":"search_term_string"}}],"inLanguage":"de"},{"@type":"Person","@id":"https:\/\/umg.ch\/de\/#\/schema\/person\/cada3fd4465ba52936f2ff0c14314ad6","name":"Aur\u00e9lien Picaud","image":{"@type":"ImageObject","inLanguage":"de","@id":"https:\/\/secure.gravatar.com\/avatar\/404f0c8c1b5a5e3d478363d3264c05c4e8927c278998cb16f8049d97c627cdf1?s=96&d=mm&r=g","url":"https:\/\/secure.gravatar.com\/avatar\/404f0c8c1b5a5e3d478363d3264c05c4e8927c278998cb16f8049d97c627cdf1?s=96&d=mm&r=g","contentUrl":"https:\/\/secure.gravatar.com\/avatar\/404f0c8c1b5a5e3d478363d3264c05c4e8927c278998cb16f8049d97c627cdf1?s=96&d=mm&r=g","caption":"Aur\u00e9lien Picaud"},"url":"https:\/\/umg.ch\/de\/author\/apicaud\/"}]}},"_links":{"self":[{"href":"https:\/\/umg.ch\/de\/wp-json\/wp\/v2\/posts\/323","targetHints":{"allow":["GET"]}}],"collection":[{"href":"https:\/\/umg.ch\/de\/wp-json\/wp\/v2\/posts"}],"about":[{"href":"https:\/\/umg.ch\/de\/wp-json\/wp\/v2\/types\/post"}],"author":[{"embeddable":true,"href":"https:\/\/umg.ch\/de\/wp-json\/wp\/v2\/users\/3"}],"replies":[{"embeddable":true,"href":"https:\/\/umg.ch\/de\/wp-json\/wp\/v2\/comments?post=323"}],"version-history":[{"count":1,"href":"https:\/\/umg.ch\/de\/wp-json\/wp\/v2\/posts\/323\/revisions"}],"predecessor-version":[{"id":324,"href":"https:\/\/umg.ch\/de\/wp-json\/wp\/v2\/posts\/323\/revisions\/324"}],"wp:attachment":[{"href":"https:\/\/umg.ch\/de\/wp-json\/wp\/v2\/media?parent=323"}],"wp:term":[{"taxonomy":"category","embeddable":true,"href":"https:\/\/umg.ch\/de\/wp-json\/wp\/v2\/categories?post=323"},{"taxonomy":"post_tag","embeddable":true,"href":"https:\/\/umg.ch\/de\/wp-json\/wp\/v2\/tags?post=323"}],"curies":[{"name":"wp","href":"https:\/\/api.w.org\/{rel}","templated":true}]}}